{"id":5742,"date":"2023-09-18T16:43:56","date_gmt":"2023-09-18T14:43:56","guid":{"rendered":"https:\/\/www.garage-berset.ch\/winterkontrolle\/"},"modified":"2024-06-04T08:49:37","modified_gmt":"2024-06-04T06:49:37","slug":"winterkontrolle","status":"publish","type":"post","link":"https:\/\/www.garage-berset.ch\/de\/winterkontrolle\/","title":{"rendered":"Winterkontrolle"},"content":{"rendered":"\n<p class=\"has-accent-magenta-color has-text-color\"><strong>Der Winter ist eine harte Zeit f\u00fcr den Menschen, aber auch f\u00fcr Ihr Fahrzeug. Wir bieten Ihnen einen Wintercheck an, um sicherzustellen, dass Sie den ganzen Winter \u00fcber mobil bleiben. F\u00fcr CHF 59.- f\u00fchren wir einen detaillierten 28-Punkte-Check Ihres Autos durch, der Sie auch bei schlechtesten Wetterbedingungen sicher auf die Stra\u00dfe bringt.  <\/strong><\/p>\n\n<div class=\"wp-block-buttons is-content-justification-center is-layout-flex wp-container-core-buttons-is-layout-16018d1d wp-block-buttons-is-layout-flex\">\n<div class=\"wp-block-button is-style-fill\"><a class=\"wp-block-button__link has-white-color has-accent-magenta-background-color has-text-color has-background wp-element-button\" href=\"https:\/\/www.garage-berset.ch\/de\/vereinbaren-sie-ihren-termin-online\/\" style=\"border-radius:13px\" target=\"_blank\" rel=\"noreferrer noopener\">Buchen Sie Ihren Termin jetzt online<\/a><\/div>\n<\/div>\n\n<div style=\"height:41px\" aria-hidden=\"true\" class=\"wp-block-spacer\"><\/div>\n\n<figure class=\"wp-block-image size-large\"><img loading=\"lazy\" decoding=\"async\" width=\"1024\" height=\"682\" src=\"https:\/\/www.garage-berset.ch\/wp-content\/uploads\/2023\/09\/toy_bz4x_2022_launch_hub_con_img_bts_23-tif_777105_lowres-web-png-1024x682.png\" alt=\"\" class=\"wp-image-4856\" srcset=\"https:\/\/www.garage-berset.ch\/wp-content\/uploads\/2023\/09\/toy_bz4x_2022_launch_hub_con_img_bts_23-tif_777105_lowres-web-png-1024x682.png 1024w, https:\/\/www.garage-berset.ch\/wp-content\/uploads\/2023\/09\/toy_bz4x_2022_launch_hub_con_img_bts_23-tif_777105_lowres-web-png-300x200.png 300w, https:\/\/www.garage-berset.ch\/wp-content\/uploads\/2023\/09\/toy_bz4x_2022_launch_hub_con_img_bts_23-tif_777105_lowres-web-png-768x512.png 768w, https:\/\/www.garage-berset.ch\/wp-content\/uploads\/2023\/09\/toy_bz4x_2022_launch_hub_con_img_bts_23-tif_777105_lowres-web-png-1536x1024.png 1536w, https:\/\/www.garage-berset.ch\/wp-content\/uploads\/2023\/09\/toy_bz4x_2022_launch_hub_con_img_bts_23-tif_777105_lowres-web-png-413x275.png 413w, https:\/\/www.garage-berset.ch\/wp-content\/uploads\/2023\/09\/toy_bz4x_2022_launch_hub_con_img_bts_23-tif_777105_lowres-web-png-900x600.png 900w, https:\/\/www.garage-berset.ch\/wp-content\/uploads\/2023\/09\/toy_bz4x_2022_launch_hub_con_img_bts_23-tif_777105_lowres-web-png.png 2000w\" sizes=\"auto, (max-width: 1024px) 100vw, 1024px\" \/><\/figure>\n\n<p><\/p>\n\n<h2 class=\"wp-block-heading\"><strong>Wintercheck: Die 28 Checkpunkte.<\/strong><\/h2>\n\n<p><strong>Beleuchtung &amp; Beschilderung<\/strong><br\/>Einstellung der Scheinwerfer  <br\/>Au\u00dfen-\/Innenbeleuchtung &amp; Hupe  <br\/><br\/><strong>Au\u00dfenseite<\/strong><br\/>Scheibenwischerbl\u00e4tter  <br\/>Windschutzscheibend\u00fcsen  <br\/>Reifen einschlie\u00dflich Ersatzrad  <br\/>Profilgr\u00f6\u00dfe, Druck &amp; Alter (max. 6 Jahre)<br\/>Tyre Repair Kit Kontrolle des Verfallsdatums<br\/>Windschutzscheibe, Steinschlag<br\/>Karosseriesch\u00e4den und Zustand<br\/>Zylinder von Schl\u00f6ssern, gegen Frost behandeln<br\/><br\/><strong>Innenraum<\/strong><br\/>Heizung und Klimaanlage<br\/>Feststellbremse, Sicherheitsgurte<br\/>T\u00fcrdichtungen, gegen Frost behandeln<br\/><br\/><strong>Motorraum<\/strong><br\/>Wasserschl\u00e4uche, Kontrolle des Zustands<br\/>L\u00fcfterriemen, Kontrolle der Spannung und des Zustands<br\/>Sichtkontrolle &#8211; Kontrolle auf Lecks<br\/>Elektrische Komponenten, Sichtpr\u00fcfung auf Sch\u00e4den<br\/><br\/><strong>Fl\u00fcssigkeitsstand<\/strong><br\/>Bremsfl\u00fcssigkeit  <br\/>Servolenkung<br\/>\u00d6lstand Getriebe\/Automatik<br\/>Motor\u00f6l<\/p>\n\n<p><br\/><strong>Mechanik<\/strong><br\/>Bremsbel\u00e4ge und Bremsscheiben<br\/>Bremsleitungen und Schl\u00e4uche<br\/>Kardan- und Lenkmanschetten<br\/>Auspuffsystem Wasserdichtheit, Aufh\u00e4ngung<br\/>Kupplung Funktionskontrolle und Spiel<\/p>\n","protected":false},"excerpt":{"rendered":"<p>Der Winter ist eine harte Zeit f\u00fcr den Menschen, aber auch f\u00fcr Ihr Fahrzeug. Wir bieten Ihnen einen Wintercheck an, um sicherzustellen, dass Sie den ganzen Winter \u00fcber mobil bleiben. F\u00fcr CHF 59.- f\u00fchren wir einen detaillierten 28-Punkte-Check Ihres Autos durch, der Sie auch bei schlechtesten Wetterbedingungen sicher auf die Stra\u00dfe bringt.  <\/p>\n","protected":false},"author":2,"featured_media":4878,"comment_status":"open","ping_status":"open","sticky":false,"template":"","format":"standard","meta":{"_acf_changed":false,"footnotes":""},"categories":[1],"class_list":["post-5742","post","type-post","status-publish","format-standard","has-post-thumbnail","hentry","category-non-classifiee"],"acf":[],"yoast_head":"<!-- This site is optimized with the Yoast SEO plugin v27.5 - https:\/\/yoast.com\/product\/yoast-seo-wordpress\/ -->\n<title>Winterkontrolle - Garage Berset | Fribourg, Marly et la Tour-de-Tr\u00eame<\/title>\n<meta name=\"description\" content=\"Der Winter ist eine harte Zeit f\u00fcr Ihr Fahrzeug. Wir bieten Ihnen einen Wintercheck an, um sicherzustellen, dass Sie in diesem Winter mobil bleiben.\" \/>\n<meta name=\"robots\" content=\"index, follow, max-snippet:-1, max-image-preview:large, max-video-preview:-1\" \/>\n<link rel=\"canonical\" href=\"https:\/\/www.garage-berset.ch\/de\/winterkontrolle\/\" \/>\n<meta property=\"og:locale\" content=\"de_DE\" \/>\n<meta property=\"og:type\" content=\"article\" \/>\n<meta property=\"og:title\" content=\"Winterkontrolle - Garage Berset | Fribourg, Marly et la Tour-de-Tr\u00eame\" \/>\n<meta property=\"og:description\" content=\"Der Winter ist eine harte Zeit f\u00fcr Ihr Fahrzeug. Wir bieten Ihnen einen Wintercheck an, um sicherzustellen, dass Sie in diesem Winter mobil bleiben.\" \/>\n<meta property=\"og:url\" content=\"https:\/\/www.garage-berset.ch\/de\/winterkontrolle\/\" \/>\n<meta property=\"og:site_name\" content=\"Garage Berset | Fribourg, Marly et la Tour-de-Tr\u00eame\" \/>\n<meta property=\"article:published_time\" content=\"2023-09-18T14:43:56+00:00\" \/>\n<meta property=\"article:modified_time\" content=\"2024-06-04T06:49:37+00:00\" \/>\n<meta property=\"og:image\" content=\"https:\/\/www.garage-berset.ch\/wp-content\/uploads\/2023\/09\/design-sans-titre-5-1024x576.png\" \/>\n\t<meta property=\"og:image:width\" content=\"1024\" \/>\n\t<meta property=\"og:image:height\" content=\"576\" \/>\n\t<meta property=\"og:image:type\" content=\"image\/png\" \/>\n<meta name=\"author\" content=\"Team Berset\" \/>\n<meta name=\"twitter:card\" content=\"summary_large_image\" \/>\n<meta name=\"twitter:label1\" content=\"Verfasst von\" \/>\n\t<meta name=\"twitter:data1\" content=\"Team Berset\" \/>\n\t<meta name=\"twitter:label2\" content=\"Gesch\u00e4tzte Lesezeit\" \/>\n\t<meta name=\"twitter:data2\" content=\"1\u00a0Minute\" \/>\n<script type=\"application\/ld+json\" class=\"yoast-schema-graph\">{\"@context\":\"https:\\\/\\\/schema.org\",\"@graph\":[{\"@type\":\"Article\",\"@id\":\"https:\\\/\\\/www.garage-berset.ch\\\/de\\\/winterkontrolle\\\/#article\",\"isPartOf\":{\"@id\":\"https:\\\/\\\/www.garage-berset.ch\\\/de\\\/winterkontrolle\\\/\"},\"author\":{\"name\":\"Team Berset\",\"@id\":\"https:\\\/\\\/www.garage-berset.ch\\\/#\\\/schema\\\/person\\\/42f2350ea6602fd8d3094d9fb85faf5c\"},\"headline\":\"Winterkontrolle\",\"datePublished\":\"2023-09-18T14:43:56+00:00\",\"dateModified\":\"2024-06-04T06:49:37+00:00\",\"mainEntityOfPage\":{\"@id\":\"https:\\\/\\\/www.garage-berset.ch\\\/de\\\/winterkontrolle\\\/\"},\"wordCount\":168,\"commentCount\":0,\"image\":{\"@id\":\"https:\\\/\\\/www.garage-berset.ch\\\/de\\\/winterkontrolle\\\/#primaryimage\"},\"thumbnailUrl\":\"https:\\\/\\\/www.garage-berset.ch\\\/wp-content\\\/uploads\\\/2023\\\/09\\\/design-sans-titre-5.png\",\"articleSection\":[\"Non classifi\u00e9(e)\"],\"inLanguage\":\"de\",\"potentialAction\":[{\"@type\":\"CommentAction\",\"name\":\"Comment\",\"target\":[\"https:\\\/\\\/www.garage-berset.ch\\\/de\\\/winterkontrolle\\\/#respond\"]}]},{\"@type\":\"WebPage\",\"@id\":\"https:\\\/\\\/www.garage-berset.ch\\\/de\\\/winterkontrolle\\\/\",\"url\":\"https:\\\/\\\/www.garage-berset.ch\\\/de\\\/winterkontrolle\\\/\",\"name\":\"Winterkontrolle - Garage Berset | Fribourg, Marly et la Tour-de-Tr\u00eame\",\"isPartOf\":{\"@id\":\"https:\\\/\\\/www.garage-berset.ch\\\/#website\"},\"primaryImageOfPage\":{\"@id\":\"https:\\\/\\\/www.garage-berset.ch\\\/de\\\/winterkontrolle\\\/#primaryimage\"},\"image\":{\"@id\":\"https:\\\/\\\/www.garage-berset.ch\\\/de\\\/winterkontrolle\\\/#primaryimage\"},\"thumbnailUrl\":\"https:\\\/\\\/www.garage-berset.ch\\\/wp-content\\\/uploads\\\/2023\\\/09\\\/design-sans-titre-5.png\",\"datePublished\":\"2023-09-18T14:43:56+00:00\",\"dateModified\":\"2024-06-04T06:49:37+00:00\",\"author\":{\"@id\":\"https:\\\/\\\/www.garage-berset.ch\\\/#\\\/schema\\\/person\\\/42f2350ea6602fd8d3094d9fb85faf5c\"},\"description\":\"Der Winter ist eine harte Zeit f\u00fcr Ihr Fahrzeug. Wir bieten Ihnen einen Wintercheck an, um sicherzustellen, dass Sie in diesem Winter mobil bleiben.\",\"breadcrumb\":{\"@id\":\"https:\\\/\\\/www.garage-berset.ch\\\/de\\\/winterkontrolle\\\/#breadcrumb\"},\"inLanguage\":\"de\",\"potentialAction\":[{\"@type\":\"ReadAction\",\"target\":[\"https:\\\/\\\/www.garage-berset.ch\\\/de\\\/winterkontrolle\\\/\"]}]},{\"@type\":\"ImageObject\",\"inLanguage\":\"de\",\"@id\":\"https:\\\/\\\/www.garage-berset.ch\\\/de\\\/winterkontrolle\\\/#primaryimage\",\"url\":\"https:\\\/\\\/www.garage-berset.ch\\\/wp-content\\\/uploads\\\/2023\\\/09\\\/design-sans-titre-5.png\",\"contentUrl\":\"https:\\\/\\\/www.garage-berset.ch\\\/wp-content\\\/uploads\\\/2023\\\/09\\\/design-sans-titre-5.png\",\"width\":1920,\"height\":1080},{\"@type\":\"BreadcrumbList\",\"@id\":\"https:\\\/\\\/www.garage-berset.ch\\\/de\\\/winterkontrolle\\\/#breadcrumb\",\"itemListElement\":[{\"@type\":\"ListItem\",\"position\":1,\"name\":\"Accueil\",\"item\":\"https:\\\/\\\/www.garage-berset.ch\\\/de\\\/garage-berset-3\\\/\"},{\"@type\":\"ListItem\",\"position\":2,\"name\":\"Winterkontrolle\"}]},{\"@type\":\"WebSite\",\"@id\":\"https:\\\/\\\/www.garage-berset.ch\\\/#website\",\"url\":\"https:\\\/\\\/www.garage-berset.ch\\\/\",\"name\":\"Garage Berset | Fribourg, Marly et la Tour-de-Tr\u00eame\",\"description\":\"Depuis 1951, le Garage Berset \u00e0 Fribourg (Marly) et \u00e0 Bulle (Tour-de-Tr\u00eame) est le leader des marques Lexus, Toyota et Maserati dans le canton de Fribourg.\",\"potentialAction\":[{\"@type\":\"SearchAction\",\"target\":{\"@type\":\"EntryPoint\",\"urlTemplate\":\"https:\\\/\\\/www.garage-berset.ch\\\/?s={search_term_string}\"},\"query-input\":{\"@type\":\"PropertyValueSpecification\",\"valueRequired\":true,\"valueName\":\"search_term_string\"}}],\"inLanguage\":\"de\"},{\"@type\":\"Person\",\"@id\":\"https:\\\/\\\/www.garage-berset.ch\\\/#\\\/schema\\\/person\\\/42f2350ea6602fd8d3094d9fb85faf5c\",\"name\":\"Team Berset\",\"image\":{\"@type\":\"ImageObject\",\"inLanguage\":\"de\",\"@id\":\"https:\\\/\\\/secure.gravatar.com\\\/avatar\\\/ff2b4a02adeac10bc64834e8f305626a96fd980b96f87c3292dddfc259cc8ee7?s=96&d=mm&r=g\",\"url\":\"https:\\\/\\\/secure.gravatar.com\\\/avatar\\\/ff2b4a02adeac10bc64834e8f305626a96fd980b96f87c3292dddfc259cc8ee7?s=96&d=mm&r=g\",\"contentUrl\":\"https:\\\/\\\/secure.gravatar.com\\\/avatar\\\/ff2b4a02adeac10bc64834e8f305626a96fd980b96f87c3292dddfc259cc8ee7?s=96&d=mm&r=g\",\"caption\":\"Team Berset\"}}]}<\/script>\n<!-- \/ Yoast SEO plugin. -->","yoast_head_json":{"title":"Winterkontrolle - Garage Berset | Fribourg, Marly et la Tour-de-Tr\u00eame","description":"Der Winter ist eine harte Zeit f\u00fcr Ihr Fahrzeug. Wir bieten Ihnen einen Wintercheck an, um sicherzustellen, dass Sie in diesem Winter mobil bleiben.","robots":{"index":"index","follow":"follow","max-snippet":"max-snippet:-1","max-image-preview":"max-image-preview:large","max-video-preview":"max-video-preview:-1"},"canonical":"https:\/\/www.garage-berset.ch\/de\/winterkontrolle\/","og_locale":"de_DE","og_type":"article","og_title":"Winterkontrolle - Garage Berset | Fribourg, Marly et la Tour-de-Tr\u00eame","og_description":"Der Winter ist eine harte Zeit f\u00fcr Ihr Fahrzeug. Wir bieten Ihnen einen Wintercheck an, um sicherzustellen, dass Sie in diesem Winter mobil bleiben.","og_url":"https:\/\/www.garage-berset.ch\/de\/winterkontrolle\/","og_site_name":"Garage Berset | Fribourg, Marly et la Tour-de-Tr\u00eame","article_published_time":"2023-09-18T14:43:56+00:00","article_modified_time":"2024-06-04T06:49:37+00:00","og_image":[{"width":1024,"height":576,"url":"https:\/\/www.garage-berset.ch\/wp-content\/uploads\/2023\/09\/design-sans-titre-5-1024x576.png","type":"image\/png"}],"author":"Team Berset","twitter_card":"summary_large_image","twitter_misc":{"Verfasst von":"Team Berset","Gesch\u00e4tzte Lesezeit":"1\u00a0Minute"},"schema":{"@context":"https:\/\/schema.org","@graph":[{"@type":"Article","@id":"https:\/\/www.garage-berset.ch\/de\/winterkontrolle\/#article","isPartOf":{"@id":"https:\/\/www.garage-berset.ch\/de\/winterkontrolle\/"},"author":{"name":"Team Berset","@id":"https:\/\/www.garage-berset.ch\/#\/schema\/person\/42f2350ea6602fd8d3094d9fb85faf5c"},"headline":"Winterkontrolle","datePublished":"2023-09-18T14:43:56+00:00","dateModified":"2024-06-04T06:49:37+00:00","mainEntityOfPage":{"@id":"https:\/\/www.garage-berset.ch\/de\/winterkontrolle\/"},"wordCount":168,"commentCount":0,"image":{"@id":"https:\/\/www.garage-berset.ch\/de\/winterkontrolle\/#primaryimage"},"thumbnailUrl":"https:\/\/www.garage-berset.ch\/wp-content\/uploads\/2023\/09\/design-sans-titre-5.png","articleSection":["Non classifi\u00e9(e)"],"inLanguage":"de","potentialAction":[{"@type":"CommentAction","name":"Comment","target":["https:\/\/www.garage-berset.ch\/de\/winterkontrolle\/#respond"]}]},{"@type":"WebPage","@id":"https:\/\/www.garage-berset.ch\/de\/winterkontrolle\/","url":"https:\/\/www.garage-berset.ch\/de\/winterkontrolle\/","name":"Winterkontrolle - Garage Berset | Fribourg, Marly et la Tour-de-Tr\u00eame","isPartOf":{"@id":"https:\/\/www.garage-berset.ch\/#website"},"primaryImageOfPage":{"@id":"https:\/\/www.garage-berset.ch\/de\/winterkontrolle\/#primaryimage"},"image":{"@id":"https:\/\/www.garage-berset.ch\/de\/winterkontrolle\/#primaryimage"},"thumbnailUrl":"https:\/\/www.garage-berset.ch\/wp-content\/uploads\/2023\/09\/design-sans-titre-5.png","datePublished":"2023-09-18T14:43:56+00:00","dateModified":"2024-06-04T06:49:37+00:00","author":{"@id":"https:\/\/www.garage-berset.ch\/#\/schema\/person\/42f2350ea6602fd8d3094d9fb85faf5c"},"description":"Der Winter ist eine harte Zeit f\u00fcr Ihr Fahrzeug. Wir bieten Ihnen einen Wintercheck an, um sicherzustellen, dass Sie in diesem Winter mobil bleiben.","breadcrumb":{"@id":"https:\/\/www.garage-berset.ch\/de\/winterkontrolle\/#breadcrumb"},"inLanguage":"de","potentialAction":[{"@type":"ReadAction","target":["https:\/\/www.garage-berset.ch\/de\/winterkontrolle\/"]}]},{"@type":"ImageObject","inLanguage":"de","@id":"https:\/\/www.garage-berset.ch\/de\/winterkontrolle\/#primaryimage","url":"https:\/\/www.garage-berset.ch\/wp-content\/uploads\/2023\/09\/design-sans-titre-5.png","contentUrl":"https:\/\/www.garage-berset.ch\/wp-content\/uploads\/2023\/09\/design-sans-titre-5.png","width":1920,"height":1080},{"@type":"BreadcrumbList","@id":"https:\/\/www.garage-berset.ch\/de\/winterkontrolle\/#breadcrumb","itemListElement":[{"@type":"ListItem","position":1,"name":"Accueil","item":"https:\/\/www.garage-berset.ch\/de\/garage-berset-3\/"},{"@type":"ListItem","position":2,"name":"Winterkontrolle"}]},{"@type":"WebSite","@id":"https:\/\/www.garage-berset.ch\/#website","url":"https:\/\/www.garage-berset.ch\/","name":"Garage Berset | Fribourg, Marly et la Tour-de-Tr\u00eame","description":"Depuis 1951, le Garage Berset \u00e0 Fribourg (Marly) et \u00e0 Bulle (Tour-de-Tr\u00eame) est le leader des marques Lexus, Toyota et Maserati dans le canton de Fribourg.","potentialAction":[{"@type":"SearchAction","target":{"@type":"EntryPoint","urlTemplate":"https:\/\/www.garage-berset.ch\/?s={search_term_string}"},"query-input":{"@type":"PropertyValueSpecification","valueRequired":true,"valueName":"search_term_string"}}],"inLanguage":"de"},{"@type":"Person","@id":"https:\/\/www.garage-berset.ch\/#\/schema\/person\/42f2350ea6602fd8d3094d9fb85faf5c","name":"Team Berset","image":{"@type":"ImageObject","inLanguage":"de","@id":"https:\/\/secure.gravatar.com\/avatar\/ff2b4a02adeac10bc64834e8f305626a96fd980b96f87c3292dddfc259cc8ee7?s=96&d=mm&r=g","url":"https:\/\/secure.gravatar.com\/avatar\/ff2b4a02adeac10bc64834e8f305626a96fd980b96f87c3292dddfc259cc8ee7?s=96&d=mm&r=g","contentUrl":"https:\/\/secure.gravatar.com\/avatar\/ff2b4a02adeac10bc64834e8f305626a96fd980b96f87c3292dddfc259cc8ee7?s=96&d=mm&r=g","caption":"Team Berset"}}]}},"_links":{"self":[{"href":"https:\/\/www.garage-berset.ch\/de\/wp-json\/wp\/v2\/posts\/5742","targetHints":{"allow":["GET"]}}],"collection":[{"href":"https:\/\/www.garage-berset.ch\/de\/wp-json\/wp\/v2\/posts"}],"about":[{"href":"https:\/\/www.garage-berset.ch\/de\/wp-json\/wp\/v2\/types\/post"}],"author":[{"embeddable":true,"href":"https:\/\/www.garage-berset.ch\/de\/wp-json\/wp\/v2\/users\/2"}],"replies":[{"embeddable":true,"href":"https:\/\/www.garage-berset.ch\/de\/wp-json\/wp\/v2\/comments?post=5742"}],"version-history":[{"count":1,"href":"https:\/\/www.garage-berset.ch\/de\/wp-json\/wp\/v2\/posts\/5742\/revisions"}],"predecessor-version":[{"id":5747,"href":"https:\/\/www.garage-berset.ch\/de\/wp-json\/wp\/v2\/posts\/5742\/revisions\/5747"}],"wp:featuredmedia":[{"embeddable":true,"href":"https:\/\/www.garage-berset.ch\/de\/wp-json\/wp\/v2\/media\/4878"}],"wp:attachment":[{"href":"https:\/\/www.garage-berset.ch\/de\/wp-json\/wp\/v2\/media?parent=5742"}],"wp:term":[{"taxonomy":"category","embeddable":true,"href":"https:\/\/www.garage-berset.ch\/de\/wp-json\/wp\/v2\/categories?post=5742"}],"curies":[{"name":"wp","href":"https:\/\/api.w.org\/{rel}","templated":true}]}}