{"id":5884,"date":"2024-03-13T11:22:32","date_gmt":"2024-03-13T10:22:32","guid":{"rendered":"https:\/\/www.garage-berset.ch\/save-the-date-la-tour-13-14-april-2024\/"},"modified":"2024-06-04T08:50:48","modified_gmt":"2024-06-04T06:50:48","slug":"save-the-date-la-tour-13-14-april-2024","status":"publish","type":"post","link":"https:\/\/www.garage-berset.ch\/de\/save-the-date-la-tour-13-14-april-2024\/","title":{"rendered":"SAVE THE DATE | LA TOUR | 13. &amp; 14. APRIL 2024"},"content":{"rendered":"\n<p>Haben Sie Lust, einen guten Moment zu verbringen, lokale Handwerker und Partner in einer freundlichen und festlichen Atmosph\u00e4re zu entdecken und die M\u00f6glichkeit, unsere Neuheiten zu fahren? 14. April in La Tour-de-Tr\u00eame f\u00fcr ein Wochenende mit vielen \u00dcberraschungen.<\/p>\n\n<div style=\"height:100px\" aria-hidden=\"true\" class=\"wp-block-spacer\"><\/div>\n\n<figure class=\"wp-block-image size-large\"><img loading=\"lazy\" decoding=\"async\" width=\"1024\" height=\"384\" src=\"https:\/\/www.garage-berset.ch\/wp-content\/uploads\/2024\/03\/2-1-1024x384.png\" alt=\"\" class=\"wp-image-5474\" srcset=\"https:\/\/www.garage-berset.ch\/wp-content\/uploads\/2024\/03\/2-1-1024x384.png 1024w, https:\/\/www.garage-berset.ch\/wp-content\/uploads\/2024\/03\/2-1-300x113.png 300w, https:\/\/www.garage-berset.ch\/wp-content\/uploads\/2024\/03\/2-1-768x288.png 768w, https:\/\/www.garage-berset.ch\/wp-content\/uploads\/2024\/03\/2-1-1536x576.png 1536w, https:\/\/www.garage-berset.ch\/wp-content\/uploads\/2024\/03\/2-1-490x184.png 490w, https:\/\/www.garage-berset.ch\/wp-content\/uploads\/2024\/03\/2-1-1600x600.png 1600w, https:\/\/www.garage-berset.ch\/wp-content\/uploads\/2024\/03\/2-1.png 2000w\" sizes=\"auto, (max-width: 1024px) 100vw, 1024px\" \/><\/figure>\n\n<div style=\"height:50px\" aria-hidden=\"true\" class=\"wp-block-spacer\"><\/div>\n\n<div class=\"wp-block-buttons is-content-justification-center is-layout-flex wp-container-core-buttons-is-layout-16018d1d wp-block-buttons-is-layout-flex\">\n<div class=\"wp-block-button is-style-fill\"><a class=\"wp-block-button__link has-gray-dark-color has-accent-magenta-background-color has-text-color has-background has-link-color wp-element-button\" href=\"https:\/\/www.garage-berset.ch\/wp-content\/uploads\/2024\/03\/invitation-expo-la-tour-2024-a5.pdf\" target=\"_blank\" rel=\"noreferrer noopener\">Laden Sie das Programm als PDF herunter<\/a><\/div>\n<\/div>\n\n<div style=\"height:79px\" aria-hidden=\"true\" class=\"wp-block-spacer\"><\/div>\n\n<h3 class=\"wp-block-heading\">Fordern Sie das Programm an!<\/h3>\n\n<p>Dieses Jahr laden wir Sie f\u00fcr 2 Tage in unsere R\u00e4umlichkeiten in La Tour-de-Tr\u00eame ein, um Ihnen dank unserer ausgew\u00e4hlten Partner, die Sie freundlich empfangen werden, wunderbare Erlebnisse f\u00fcr Gro\u00df und Klein zu bieten.  <\/p>\n\n<div style=\"height:17px\" aria-hidden=\"true\" class=\"wp-block-spacer\"><\/div>\n\n<p class=\"has-accent-magenta-color has-text-color has-link-color wp-elements-60873d2dcdfd67e0e801981ffd5688bf\"><strong><br\/>\u00d6ffnungszeiten Samstag 09:00 &#8211; 16:00<br\/>\u00d6ffnungszeiten Sonntag 10:00 &#8211; 17:00 Uhr<\/strong><\/p>\n\n<div style=\"height:17px\" aria-hidden=\"true\" class=\"wp-block-spacer\"><\/div>\n\n<h3 class=\"wp-block-heading\">Stra\u00dfentests, Gl\u00fccksrad und kanonische Angebote<\/h3>\n\n<p>Setzen Sie sich hinter das Steuer Ihres n\u00e4chsten Autos und profitieren Sie von au\u00dfergew\u00f6hnlichen Angeboten f\u00fcr Toyota &#8211; Lexus &#8211; Maserati. Unsere Teams werden sich bem\u00fchen, den richtigen Schuh f\u00fcr Sie zu finden. Dar\u00fcber hinaus profitieren Sie von unseren Ausstellungspr\u00e4mien und der M\u00f6glichkeit, am Gl\u00fccksrad zu drehen!  <\/p>\n\n<div style=\"height:17px\" aria-hidden=\"true\" class=\"wp-block-spacer\"><\/div>\n\n<h2 class=\"wp-block-heading\">Der Handwerkermarkt<\/h2>\n\n<p>Da uns das lokale Handwerk und der Handel wichtig sind, freuen wir uns, Ihnen w\u00e4hrend des gesamten Wochenendes auf unserem kleinen Greyerzer Markt eine Auswahl unserer Partner zu pr\u00e4sentieren.<\/p>\n\n<figure class=\"wp-block-image size-large\"><img loading=\"lazy\" decoding=\"async\" width=\"1024\" height=\"384\" src=\"https:\/\/www.garage-berset.ch\/wp-content\/uploads\/2024\/03\/3-1024x384.png\" alt=\"\" class=\"wp-image-5480\" srcset=\"https:\/\/www.garage-berset.ch\/wp-content\/uploads\/2024\/03\/3-1024x384.png 1024w, https:\/\/www.garage-berset.ch\/wp-content\/uploads\/2024\/03\/3-300x113.png 300w, https:\/\/www.garage-berset.ch\/wp-content\/uploads\/2024\/03\/3-768x288.png 768w, https:\/\/www.garage-berset.ch\/wp-content\/uploads\/2024\/03\/3-1536x576.png 1536w, https:\/\/www.garage-berset.ch\/wp-content\/uploads\/2024\/03\/3-490x184.png 490w, https:\/\/www.garage-berset.ch\/wp-content\/uploads\/2024\/03\/3-1600x600.png 1600w, https:\/\/www.garage-berset.ch\/wp-content\/uploads\/2024\/03\/3.png 2000w\" sizes=\"auto, (max-width: 1024px) 100vw, 1024px\" \/><\/figure>\n\n<div style=\"height:17px\" aria-hidden=\"true\" class=\"wp-block-spacer\"><\/div>\n\n<div style=\"height:100px\" aria-hidden=\"true\" class=\"wp-block-spacer\"><\/div>\n\n<h3 class=\"wp-block-heading\">Leneta &#8211; Optischer Concept Store  <\/h3>\n\n<p>Es handelt sich um einen thematischen Einzelhandel in Bulle, wo jedes sichtbare Element gekauft werden kann. Das Thema <a href=\"https:\/\/leneta.ch\/\">bei Leneta<\/a> ist Sch\u00f6nheit durch Augen. Sie sind fest davon \u00fcberzeugt, dass die Optikbranche neue Perspektiven braucht, und wir glauben, dass sie damit Recht haben.<\/p>\n\n<p>Im Herzen ihres Concept Stores finden Sie eine atemberaubende Auswahl an Brillen und Sonnenbrillen, die ein wahres Juwel f\u00fcr Ihre Augen sind. Ihre Leidenschaft f\u00fcr Brillen und sch\u00f6ne Objekte spiegelt sich in jeder Brille wider, die sie anbieten.<\/p>\n\n<div style=\"height:17px\" aria-hidden=\"true\" class=\"wp-block-spacer\"><\/div>\n\n<h3 class=\"wp-block-heading\">Flore d&#8217;Alpage &#8211; Blumenatelier in Charmey<\/h3>\n\n<p><a href=\"https:\/\/www.instagram.com\/flore_d_alpage\/?hl=fr\" target=\"_blank\" rel=\"noreferrer noopener\">Chez la fleuriste \ud835\udda0\ud835\uddc6\ud835\uddbe\u0301\ud835\uddc5\ud835\uddc2\ud835\uddbe \ud835\uddac\ud835\uddc8\ud835\uddc7\ud835\uddc7\ud835\uddbe\ud835\uddd2<\/a>, vous retrouverez un personnel \u00e0 l&#8217;\u00e9coute pour toutes vos cr\u00e9ations. Ayant d\u00e9j\u00e0 d\u00e9cor\u00e9 le showroom plusieurs fois, nous sommes convaincu de ses comp\u00e9tences et de ses go\u00fbts. Vous souhaitez apporter une touche de douceur et de style \u00e0 votre \u00e9\ud835\uddcf\ud835\uddbe\u0300\ud835\uddc7\ud835\uddbe\ud835\uddc6\ud835\uddbe\ud835\uddc7\ud835\uddcd ou \u00e0 votre d\ud835\uddbe\u0301\ud835\uddbc\ud835\uddc8\ud835\uddcb\ud835\uddba\ud835\uddcd\ud835\uddc2\ud835\uddc8\ud835\uddc7 \ud835\uddbd&#8217;\ud835\uddbe\ud835\uddc7\ud835\uddcd\ud835\uddcb\ud835\uddbe\ud835\uddc9\ud835\uddcb\ud835\uddc2\ud835\uddcc\ud835\uddbe? Profitez de leur savoir-faire en fl\ud835\uddbe\ud835\uddce\ud835\uddcb\ud835\uddcc \ud835\uddbc\ud835\uddc8\ud835\uddce\ud835\uddc9\ud835\uddbe\u0301\ud835\uddbe\ud835\uddcc ou f\ud835\uddc5\ud835\uddbe\ud835\uddce\ud835\uddcb\ud835\uddcc \ud835\uddcc\ud835\uddbe\u0301\ud835\uddbc\ud835\uddc1\ud835\uddbe\u0301\ud835\uddbe\ud835\uddcc pour des arrangements d&#8217;une qualit\u00e9 sup\u00e9rieur. <\/p>\n\n<div style=\"height:17px\" aria-hidden=\"true\" class=\"wp-block-spacer\"><\/div>\n\n<h3 class=\"wp-block-heading\">Trois p&#8217;tits n\u0153uds<\/h3>\n\n<p>Venez d\u00e9couvrir les \u0153uvres de cette cr\u00e9atrice en macram\u00e9, d\u00e9coration d&#8217;int\u00e9rieur et accessoires de mode. Elle vous pr\u00e9pare pleins d&#8217;accessoires en macram\u00e9 pour le quotidien qui sont fait avec amour du d\u00e9tail, savourez une s\u00e9lection tri\u00e9e sur le volet \u00e0 l&#8217;occasion de notre expo. Nous nous r\u00e9jouissons de les avoir parmi nous. <\/p>\n\n<div style=\"height:17px\" aria-hidden=\"true\" class=\"wp-block-spacer\"><\/div>\n\n<h3 class=\"wp-block-heading\">Die Fl\u00fcgel des Lebens<\/h3>\n\n<p>Fond\u00e9e en 2006 et reprise en 2018 par Corinne Jolliet-Droz, <a href=\"https:\/\/www.ailesdelavie.ch\/\" target=\"_blank\" rel=\"noreferrer noopener\">la librairie<\/a> vous propose des livres et cartes oracles pour vous accompagner sur votre cheminement personnel de mani\u00e8re douce et l\u00e9g\u00e8re. Vous y trouverez \u00e9galement de nombreuses sources d&#8217;inspiration et d&#8217;id\u00e9es cadeaux. Votre parenth\u00e8se bien-\u00eatre est nich\u00e9e au c\u0153ur de la Gruy\u00e8re, \u00e0 Riaz (\u00e0 c\u00f4t\u00e9 de Bulle)&#8230;<\/p>\n\n<div style=\"height:17px\" aria-hidden=\"true\" class=\"wp-block-spacer\"><\/div>\n\n<h3 class=\"wp-block-heading\">Le Gruy\u00e8re<\/h3>\n\n<p>Encore besoin de pr\u00e9senter <a href=\"https:\/\/www.gruyere.com\/\" target=\"_blank\" rel=\"noreferrer noopener\">le Gruy\u00e8re<\/a>? Nous ne pensons pas tellement il fait partie de nos traditions et de notre quotidien. Nous avons le plaisir d&#8217;accueillir le stand du Gruy\u00e8re AOP afin de vous pr\u00e9senter les secrets de fabrication de ce fromage connu \u00e0 travers le monde. Pour les curieux et les fromagers en herbe. <\/p>\n\n<div style=\"height:17px\" aria-hidden=\"true\" class=\"wp-block-spacer\"><\/div>\n\n<h3 class=\"wp-block-heading\">Le Coin Boutique<\/h3>\n\n<p><a href=\"https:\/\/www.instagram.com\/le_coin_boutique_bulle\/\" target=\"_blank\" rel=\"noreferrer noopener\">Le Coin Boutique<\/a> c&#8217;est le genre d&#8217;endroit o\u00f9 l&#8217;on craque de toutes les fa\u00e7ons sur quelque chose tellement tout est s\u00e9lectionn\u00e9 avec go\u00fbt. La boutique vous propose des bijoux, des bougies et pleins d&#8217;accessoires  d\u00e9co \/ Chez Byout\u00e2, Rte de Riaz 38, Bulle (lu-ve 8h30- 18h00, sa 12h00).<\/p>\n\n<div style=\"height:17px\" aria-hidden=\"true\" class=\"wp-block-spacer\"><\/div>\n\n<h3 class=\"wp-block-heading\">Rumo &#8211; Primeurs by L\u00e9guriviera<\/h3>\n\n<p>Chez Rumo c&#8217;est la fra\u00eecheur qui prime! Ouverts du lundi au samedi \u00e0 la Grand-Rue de Bulle, venez visiter le paradis des fruits et l\u00e9gumes. Leur \u00e9quipe se fera un plaisir de vous servir et de vous conseiller pour vous garantir les meilleurs fruits et l\u00e9gumes dans vos assiettes. <\/p>\n\n<div style=\"height:21px\" aria-hidden=\"true\" class=\"wp-block-spacer\"><\/div>\n\n<figure class=\"wp-block-image size-large\"><img loading=\"lazy\" decoding=\"async\" width=\"1024\" height=\"384\" src=\"https:\/\/www.garage-berset.ch\/wp-content\/uploads\/2024\/03\/5-1024x384.png\" alt=\"\" class=\"wp-image-5484\" srcset=\"https:\/\/www.garage-berset.ch\/wp-content\/uploads\/2024\/03\/5-1024x384.png 1024w, https:\/\/www.garage-berset.ch\/wp-content\/uploads\/2024\/03\/5-300x113.png 300w, https:\/\/www.garage-berset.ch\/wp-content\/uploads\/2024\/03\/5-768x288.png 768w, https:\/\/www.garage-berset.ch\/wp-content\/uploads\/2024\/03\/5-1536x576.png 1536w, https:\/\/www.garage-berset.ch\/wp-content\/uploads\/2024\/03\/5-490x184.png 490w, https:\/\/www.garage-berset.ch\/wp-content\/uploads\/2024\/03\/5-1600x600.png 1600w, https:\/\/www.garage-berset.ch\/wp-content\/uploads\/2024\/03\/5.png 2000w\" sizes=\"auto, (max-width: 1024px) 100vw, 1024px\" \/><\/figure>\n\n<div style=\"height:100px\" aria-hidden=\"true\" class=\"wp-block-spacer\"><\/div>\n\n<h3 class=\"wp-block-heading\">Arriverez-vous \u00e0 r\u00e9sister \u00e0 notre taureau bullois ? <\/h3>\n\n<p>Venez vous mesurer \u00e0 notre taureau en furie lors des deux jours de notre exposition de printemps. Un prix surprise sera remis \u00e0 la personne qui fait le plus longtemps sur le taureau! Alors, challenge accept\u00e9? <\/p>\n\n<div style=\"height:100px\" aria-hidden=\"true\" class=\"wp-block-spacer\"><\/div>\n\n<div style=\"height:21px\" aria-hidden=\"true\" class=\"wp-block-spacer\"><\/div>\n\n<figure class=\"wp-block-image size-large\"><img loading=\"lazy\" decoding=\"async\" width=\"2000\" height=\"750\" src=\"https:\/\/www.garage-berset.ch\/wp-content\/uploads\/2024\/03\/4-1024x384.png\" alt=\"\" class=\"wp-image-5482\" srcset=\"https:\/\/www.garage-berset.ch\/wp-content\/uploads\/2024\/03\/4-1024x384.png 1024w, https:\/\/www.garage-berset.ch\/wp-content\/uploads\/2024\/03\/4-300x113.png 300w, https:\/\/www.garage-berset.ch\/wp-content\/uploads\/2024\/03\/4-768x288.png 768w, https:\/\/www.garage-berset.ch\/wp-content\/uploads\/2024\/03\/4-1536x576.png 1536w, https:\/\/www.garage-berset.ch\/wp-content\/uploads\/2024\/03\/4-490x184.png 490w, https:\/\/www.garage-berset.ch\/wp-content\/uploads\/2024\/03\/4-1600x600.png 1600w, https:\/\/www.garage-berset.ch\/wp-content\/uploads\/2024\/03\/4.png 2000w\" sizes=\"auto, (max-width: 2000px) 100vw, 2000px\" \/><\/figure>\n\n<div style=\"height:21px\" aria-hidden=\"true\" class=\"wp-block-spacer\"><\/div>\n\n<div style=\"height:100px\" aria-hidden=\"true\" class=\"wp-block-spacer\"><\/div>\n\n<h3 class=\"wp-block-heading\">En faveur du 38e Giron des Musiques gru\u00e9riennes<\/h3>\n\n<p>Le bar et les grillades vous seront propos\u00e9s par l&#8217;\u00e9quipe du 38e Giron des Musiques gru\u00e9riennes qui aura lieu \u00e0 Riaz du 16 au 19 mai 2024. Nous sommes fiers de soutenir cette manifestation culturelle en leur reversant la totalit\u00e9 du b\u00e9n\u00e9fice du bar et des grillades de notre expo.<\/p>\n\n<div style=\"height:21px\" aria-hidden=\"true\" class=\"wp-block-spacer\"><\/div>\n\n<div style=\"height:43px\" aria-hidden=\"true\" class=\"wp-block-spacer\"><\/div>\n\n<div style=\"height:43px\" aria-hidden=\"true\" class=\"wp-block-spacer\"><\/div>\n\n<p> <\/p>\n","protected":false},"excerpt":{"rendered":"<p>Haben Sie Lust, eine gute Zeit zu verbringen, lokale und verschiedene Partner zu entdecken und mit unseren Neuheiten zu fahren? 24. M\u00e4rz in Marly f\u00fcr ein Wochenende mit vielen \u00dcberraschungen.<\/p>\n","protected":false},"author":2,"featured_media":5479,"comment_status":"open","ping_status":"open","sticky":false,"template":"","format":"standard","meta":{"_acf_changed":false,"footnotes":""},"categories":[1],"class_list":["post-5884","post","type-post","status-publish","format-standard","has-post-thumbnail","hentry","category-non-classifiee"],"acf":[],"yoast_head":"<!-- This site is optimized with the Yoast SEO plugin v27.5 - https:\/\/yoast.com\/product\/yoast-seo-wordpress\/ -->\n<title>SAVE THE DATE | LA TOUR | 13. &amp; 14. APRIL 2024 - Garage Berset | Fribourg, Marly et la Tour-de-Tr\u00eame<\/title>\n<meta name=\"description\" content=\"14. April in La Tour-de-Tr\u00eame, um unsere lokalen Partner zu besuchen und die neuesten Produkte zu fahren!\" \/>\n<meta name=\"robots\" content=\"index, follow, max-snippet:-1, max-image-preview:large, max-video-preview:-1\" \/>\n<link rel=\"canonical\" href=\"https:\/\/www.garage-berset.ch\/de\/save-the-date-la-tour-13-14-april-2024\/\" \/>\n<meta property=\"og:locale\" content=\"de_DE\" \/>\n<meta property=\"og:type\" content=\"article\" \/>\n<meta property=\"og:title\" content=\"SAVE THE DATE | LA TOUR | 13. &amp; 14. APRIL 2024 - Garage Berset | Fribourg, Marly et la Tour-de-Tr\u00eame\" \/>\n<meta property=\"og:description\" content=\"14. April in La Tour-de-Tr\u00eame, um unsere lokalen Partner zu besuchen und die neuesten Produkte zu fahren!\" \/>\n<meta property=\"og:url\" content=\"https:\/\/www.garage-berset.ch\/de\/save-the-date-la-tour-13-14-april-2024\/\" \/>\n<meta property=\"og:site_name\" content=\"Garage Berset | Fribourg, Marly et la Tour-de-Tr\u00eame\" \/>\n<meta property=\"article:published_time\" content=\"2024-03-13T10:22:32+00:00\" \/>\n<meta property=\"article:modified_time\" content=\"2024-06-04T06:50:48+00:00\" \/>\n<meta property=\"og:image\" content=\"https:\/\/www.garage-berset.ch\/wp-content\/uploads\/2024\/03\/miniature-square-pour-site-garage-2.png\" \/>\n\t<meta property=\"og:image:width\" content=\"1080\" \/>\n\t<meta property=\"og:image:height\" content=\"1080\" \/>\n\t<meta property=\"og:image:type\" content=\"image\/png\" \/>\n<meta name=\"author\" content=\"Team Berset\" \/>\n<meta name=\"twitter:card\" content=\"summary_large_image\" \/>\n<meta name=\"twitter:label1\" content=\"Verfasst von\" \/>\n\t<meta name=\"twitter:data1\" content=\"Team Berset\" \/>\n\t<meta name=\"twitter:label2\" content=\"Gesch\u00e4tzte Lesezeit\" \/>\n\t<meta name=\"twitter:data2\" content=\"4\u00a0Minuten\" \/>\n<script type=\"application\/ld+json\" class=\"yoast-schema-graph\">{\"@context\":\"https:\\\/\\\/schema.org\",\"@graph\":[{\"@type\":\"Article\",\"@id\":\"https:\\\/\\\/www.garage-berset.ch\\\/de\\\/save-the-date-la-tour-13-14-april-2024\\\/#article\",\"isPartOf\":{\"@id\":\"https:\\\/\\\/www.garage-berset.ch\\\/de\\\/save-the-date-la-tour-13-14-april-2024\\\/\"},\"author\":{\"name\":\"Team Berset\",\"@id\":\"https:\\\/\\\/www.garage-berset.ch\\\/#\\\/schema\\\/person\\\/42f2350ea6602fd8d3094d9fb85faf5c\"},\"headline\":\"SAVE THE DATE | LA TOUR | 13. &amp; 14. APRIL 2024\",\"datePublished\":\"2024-03-13T10:22:32+00:00\",\"dateModified\":\"2024-06-04T06:50:48+00:00\",\"mainEntityOfPage\":{\"@id\":\"https:\\\/\\\/www.garage-berset.ch\\\/de\\\/save-the-date-la-tour-13-14-april-2024\\\/\"},\"wordCount\":782,\"commentCount\":0,\"image\":{\"@id\":\"https:\\\/\\\/www.garage-berset.ch\\\/de\\\/save-the-date-la-tour-13-14-april-2024\\\/#primaryimage\"},\"thumbnailUrl\":\"https:\\\/\\\/www.garage-berset.ch\\\/wp-content\\\/uploads\\\/2024\\\/03\\\/miniature-square-pour-site-garage-2.png\",\"articleSection\":[\"Non classifi\u00e9(e)\"],\"inLanguage\":\"de\",\"potentialAction\":[{\"@type\":\"CommentAction\",\"name\":\"Comment\",\"target\":[\"https:\\\/\\\/www.garage-berset.ch\\\/de\\\/save-the-date-la-tour-13-14-april-2024\\\/#respond\"]}]},{\"@type\":\"WebPage\",\"@id\":\"https:\\\/\\\/www.garage-berset.ch\\\/de\\\/save-the-date-la-tour-13-14-april-2024\\\/\",\"url\":\"https:\\\/\\\/www.garage-berset.ch\\\/de\\\/save-the-date-la-tour-13-14-april-2024\\\/\",\"name\":\"SAVE THE DATE | LA TOUR | 13. &amp; 14. APRIL 2024 - Garage Berset | Fribourg, Marly et la Tour-de-Tr\u00eame\",\"isPartOf\":{\"@id\":\"https:\\\/\\\/www.garage-berset.ch\\\/#website\"},\"primaryImageOfPage\":{\"@id\":\"https:\\\/\\\/www.garage-berset.ch\\\/de\\\/save-the-date-la-tour-13-14-april-2024\\\/#primaryimage\"},\"image\":{\"@id\":\"https:\\\/\\\/www.garage-berset.ch\\\/de\\\/save-the-date-la-tour-13-14-april-2024\\\/#primaryimage\"},\"thumbnailUrl\":\"https:\\\/\\\/www.garage-berset.ch\\\/wp-content\\\/uploads\\\/2024\\\/03\\\/miniature-square-pour-site-garage-2.png\",\"datePublished\":\"2024-03-13T10:22:32+00:00\",\"dateModified\":\"2024-06-04T06:50:48+00:00\",\"author\":{\"@id\":\"https:\\\/\\\/www.garage-berset.ch\\\/#\\\/schema\\\/person\\\/42f2350ea6602fd8d3094d9fb85faf5c\"},\"description\":\"14. April in La Tour-de-Tr\u00eame, um unsere lokalen Partner zu besuchen und die neuesten Produkte zu fahren!\",\"breadcrumb\":{\"@id\":\"https:\\\/\\\/www.garage-berset.ch\\\/de\\\/save-the-date-la-tour-13-14-april-2024\\\/#breadcrumb\"},\"inLanguage\":\"de\",\"potentialAction\":[{\"@type\":\"ReadAction\",\"target\":[\"https:\\\/\\\/www.garage-berset.ch\\\/de\\\/save-the-date-la-tour-13-14-april-2024\\\/\"]}]},{\"@type\":\"ImageObject\",\"inLanguage\":\"de\",\"@id\":\"https:\\\/\\\/www.garage-berset.ch\\\/de\\\/save-the-date-la-tour-13-14-april-2024\\\/#primaryimage\",\"url\":\"https:\\\/\\\/www.garage-berset.ch\\\/wp-content\\\/uploads\\\/2024\\\/03\\\/miniature-square-pour-site-garage-2.png\",\"contentUrl\":\"https:\\\/\\\/www.garage-berset.ch\\\/wp-content\\\/uploads\\\/2024\\\/03\\\/miniature-square-pour-site-garage-2.png\",\"width\":1080,\"height\":1080},{\"@type\":\"BreadcrumbList\",\"@id\":\"https:\\\/\\\/www.garage-berset.ch\\\/de\\\/save-the-date-la-tour-13-14-april-2024\\\/#breadcrumb\",\"itemListElement\":[{\"@type\":\"ListItem\",\"position\":1,\"name\":\"Accueil\",\"item\":\"https:\\\/\\\/www.garage-berset.ch\\\/de\\\/garage-berset-3\\\/\"},{\"@type\":\"ListItem\",\"position\":2,\"name\":\"SAVE THE DATE | LA TOUR | 13. &amp; 14. APRIL 2024\"}]},{\"@type\":\"WebSite\",\"@id\":\"https:\\\/\\\/www.garage-berset.ch\\\/#website\",\"url\":\"https:\\\/\\\/www.garage-berset.ch\\\/\",\"name\":\"Garage Berset | Fribourg, Marly et la Tour-de-Tr\u00eame\",\"description\":\"Depuis 1951, le Garage Berset \u00e0 Fribourg (Marly) et \u00e0 Bulle (Tour-de-Tr\u00eame) est le leader des marques Lexus, Toyota et Maserati dans le canton de Fribourg.\",\"potentialAction\":[{\"@type\":\"SearchAction\",\"target\":{\"@type\":\"EntryPoint\",\"urlTemplate\":\"https:\\\/\\\/www.garage-berset.ch\\\/?s={search_term_string}\"},\"query-input\":{\"@type\":\"PropertyValueSpecification\",\"valueRequired\":true,\"valueName\":\"search_term_string\"}}],\"inLanguage\":\"de\"},{\"@type\":\"Person\",\"@id\":\"https:\\\/\\\/www.garage-berset.ch\\\/#\\\/schema\\\/person\\\/42f2350ea6602fd8d3094d9fb85faf5c\",\"name\":\"Team Berset\",\"image\":{\"@type\":\"ImageObject\",\"inLanguage\":\"de\",\"@id\":\"https:\\\/\\\/secure.gravatar.com\\\/avatar\\\/ff2b4a02adeac10bc64834e8f305626a96fd980b96f87c3292dddfc259cc8ee7?s=96&d=mm&r=g\",\"url\":\"https:\\\/\\\/secure.gravatar.com\\\/avatar\\\/ff2b4a02adeac10bc64834e8f305626a96fd980b96f87c3292dddfc259cc8ee7?s=96&d=mm&r=g\",\"contentUrl\":\"https:\\\/\\\/secure.gravatar.com\\\/avatar\\\/ff2b4a02adeac10bc64834e8f305626a96fd980b96f87c3292dddfc259cc8ee7?s=96&d=mm&r=g\",\"caption\":\"Team Berset\"}}]}<\/script>\n<!-- \/ Yoast SEO plugin. -->","yoast_head_json":{"title":"SAVE THE DATE | LA TOUR | 13. &amp; 14. APRIL 2024 - Garage Berset | Fribourg, Marly et la Tour-de-Tr\u00eame","description":"14. April in La Tour-de-Tr\u00eame, um unsere lokalen Partner zu besuchen und die neuesten Produkte zu fahren!","robots":{"index":"index","follow":"follow","max-snippet":"max-snippet:-1","max-image-preview":"max-image-preview:large","max-video-preview":"max-video-preview:-1"},"canonical":"https:\/\/www.garage-berset.ch\/de\/save-the-date-la-tour-13-14-april-2024\/","og_locale":"de_DE","og_type":"article","og_title":"SAVE THE DATE | LA TOUR | 13. &amp; 14. APRIL 2024 - Garage Berset | Fribourg, Marly et la Tour-de-Tr\u00eame","og_description":"14. April in La Tour-de-Tr\u00eame, um unsere lokalen Partner zu besuchen und die neuesten Produkte zu fahren!","og_url":"https:\/\/www.garage-berset.ch\/de\/save-the-date-la-tour-13-14-april-2024\/","og_site_name":"Garage Berset | Fribourg, Marly et la Tour-de-Tr\u00eame","article_published_time":"2024-03-13T10:22:32+00:00","article_modified_time":"2024-06-04T06:50:48+00:00","og_image":[{"width":1080,"height":1080,"url":"https:\/\/www.garage-berset.ch\/wp-content\/uploads\/2024\/03\/miniature-square-pour-site-garage-2.png","type":"image\/png"}],"author":"Team Berset","twitter_card":"summary_large_image","twitter_misc":{"Verfasst von":"Team Berset","Gesch\u00e4tzte Lesezeit":"4\u00a0Minuten"},"schema":{"@context":"https:\/\/schema.org","@graph":[{"@type":"Article","@id":"https:\/\/www.garage-berset.ch\/de\/save-the-date-la-tour-13-14-april-2024\/#article","isPartOf":{"@id":"https:\/\/www.garage-berset.ch\/de\/save-the-date-la-tour-13-14-april-2024\/"},"author":{"name":"Team Berset","@id":"https:\/\/www.garage-berset.ch\/#\/schema\/person\/42f2350ea6602fd8d3094d9fb85faf5c"},"headline":"SAVE THE DATE | LA TOUR | 13. &amp; 14. APRIL 2024","datePublished":"2024-03-13T10:22:32+00:00","dateModified":"2024-06-04T06:50:48+00:00","mainEntityOfPage":{"@id":"https:\/\/www.garage-berset.ch\/de\/save-the-date-la-tour-13-14-april-2024\/"},"wordCount":782,"commentCount":0,"image":{"@id":"https:\/\/www.garage-berset.ch\/de\/save-the-date-la-tour-13-14-april-2024\/#primaryimage"},"thumbnailUrl":"https:\/\/www.garage-berset.ch\/wp-content\/uploads\/2024\/03\/miniature-square-pour-site-garage-2.png","articleSection":["Non classifi\u00e9(e)"],"inLanguage":"de","potentialAction":[{"@type":"CommentAction","name":"Comment","target":["https:\/\/www.garage-berset.ch\/de\/save-the-date-la-tour-13-14-april-2024\/#respond"]}]},{"@type":"WebPage","@id":"https:\/\/www.garage-berset.ch\/de\/save-the-date-la-tour-13-14-april-2024\/","url":"https:\/\/www.garage-berset.ch\/de\/save-the-date-la-tour-13-14-april-2024\/","name":"SAVE THE DATE | LA TOUR | 13. &amp; 14. APRIL 2024 - Garage Berset | Fribourg, Marly et la Tour-de-Tr\u00eame","isPartOf":{"@id":"https:\/\/www.garage-berset.ch\/#website"},"primaryImageOfPage":{"@id":"https:\/\/www.garage-berset.ch\/de\/save-the-date-la-tour-13-14-april-2024\/#primaryimage"},"image":{"@id":"https:\/\/www.garage-berset.ch\/de\/save-the-date-la-tour-13-14-april-2024\/#primaryimage"},"thumbnailUrl":"https:\/\/www.garage-berset.ch\/wp-content\/uploads\/2024\/03\/miniature-square-pour-site-garage-2.png","datePublished":"2024-03-13T10:22:32+00:00","dateModified":"2024-06-04T06:50:48+00:00","author":{"@id":"https:\/\/www.garage-berset.ch\/#\/schema\/person\/42f2350ea6602fd8d3094d9fb85faf5c"},"description":"14. April in La Tour-de-Tr\u00eame, um unsere lokalen Partner zu besuchen und die neuesten Produkte zu fahren!","breadcrumb":{"@id":"https:\/\/www.garage-berset.ch\/de\/save-the-date-la-tour-13-14-april-2024\/#breadcrumb"},"inLanguage":"de","potentialAction":[{"@type":"ReadAction","target":["https:\/\/www.garage-berset.ch\/de\/save-the-date-la-tour-13-14-april-2024\/"]}]},{"@type":"ImageObject","inLanguage":"de","@id":"https:\/\/www.garage-berset.ch\/de\/save-the-date-la-tour-13-14-april-2024\/#primaryimage","url":"https:\/\/www.garage-berset.ch\/wp-content\/uploads\/2024\/03\/miniature-square-pour-site-garage-2.png","contentUrl":"https:\/\/www.garage-berset.ch\/wp-content\/uploads\/2024\/03\/miniature-square-pour-site-garage-2.png","width":1080,"height":1080},{"@type":"BreadcrumbList","@id":"https:\/\/www.garage-berset.ch\/de\/save-the-date-la-tour-13-14-april-2024\/#breadcrumb","itemListElement":[{"@type":"ListItem","position":1,"name":"Accueil","item":"https:\/\/www.garage-berset.ch\/de\/garage-berset-3\/"},{"@type":"ListItem","position":2,"name":"SAVE THE DATE | LA TOUR | 13. &amp; 14. APRIL 2024"}]},{"@type":"WebSite","@id":"https:\/\/www.garage-berset.ch\/#website","url":"https:\/\/www.garage-berset.ch\/","name":"Garage Berset | Fribourg, Marly et la Tour-de-Tr\u00eame","description":"Depuis 1951, le Garage Berset \u00e0 Fribourg (Marly) et \u00e0 Bulle (Tour-de-Tr\u00eame) est le leader des marques Lexus, Toyota et Maserati dans le canton de Fribourg.","potentialAction":[{"@type":"SearchAction","target":{"@type":"EntryPoint","urlTemplate":"https:\/\/www.garage-berset.ch\/?s={search_term_string}"},"query-input":{"@type":"PropertyValueSpecification","valueRequired":true,"valueName":"search_term_string"}}],"inLanguage":"de"},{"@type":"Person","@id":"https:\/\/www.garage-berset.ch\/#\/schema\/person\/42f2350ea6602fd8d3094d9fb85faf5c","name":"Team Berset","image":{"@type":"ImageObject","inLanguage":"de","@id":"https:\/\/secure.gravatar.com\/avatar\/ff2b4a02adeac10bc64834e8f305626a96fd980b96f87c3292dddfc259cc8ee7?s=96&d=mm&r=g","url":"https:\/\/secure.gravatar.com\/avatar\/ff2b4a02adeac10bc64834e8f305626a96fd980b96f87c3292dddfc259cc8ee7?s=96&d=mm&r=g","contentUrl":"https:\/\/secure.gravatar.com\/avatar\/ff2b4a02adeac10bc64834e8f305626a96fd980b96f87c3292dddfc259cc8ee7?s=96&d=mm&r=g","caption":"Team Berset"}}]}},"_links":{"self":[{"href":"https:\/\/www.garage-berset.ch\/de\/wp-json\/wp\/v2\/posts\/5884","targetHints":{"allow":["GET"]}}],"collection":[{"href":"https:\/\/www.garage-berset.ch\/de\/wp-json\/wp\/v2\/posts"}],"about":[{"href":"https:\/\/www.garage-berset.ch\/de\/wp-json\/wp\/v2\/types\/post"}],"author":[{"embeddable":true,"href":"https:\/\/www.garage-berset.ch\/de\/wp-json\/wp\/v2\/users\/2"}],"replies":[{"embeddable":true,"href":"https:\/\/www.garage-berset.ch\/de\/wp-json\/wp\/v2\/comments?post=5884"}],"version-history":[{"count":1,"href":"https:\/\/www.garage-berset.ch\/de\/wp-json\/wp\/v2\/posts\/5884\/revisions"}],"predecessor-version":[{"id":5886,"href":"https:\/\/www.garage-berset.ch\/de\/wp-json\/wp\/v2\/posts\/5884\/revisions\/5886"}],"wp:featuredmedia":[{"embeddable":true,"href":"https:\/\/www.garage-berset.ch\/de\/wp-json\/wp\/v2\/media\/5479"}],"wp:attachment":[{"href":"https:\/\/www.garage-berset.ch\/de\/wp-json\/wp\/v2\/media?parent=5884"}],"wp:term":[{"taxonomy":"category","embeddable":true,"href":"https:\/\/www.garage-berset.ch\/de\/wp-json\/wp\/v2\/categories?post=5884"}],"curies":[{"name":"wp","href":"https:\/\/api.w.org\/{rel}","templated":true}]}}