{"id":6304,"date":"2022-01-27T10:13:02","date_gmt":"2022-01-27T09:13:02","guid":{"rendered":"https:\/\/www.garage-berset.ch\/der-neue-lexus-nx-ist-da\/"},"modified":"2025-06-19T11:28:34","modified_gmt":"2025-06-19T09:28:34","slug":"der-neue-lexus-nx-ist-da","status":"publish","type":"post","link":"https:\/\/www.garage-berset.ch\/de\/der-neue-lexus-nx-ist-da\/","title":{"rendered":"Der neue Lexus NX ist da!"},"content":{"rendered":"\n<h2 class=\"wp-block-heading\">Er wird Ihnen die Augen \u00f6ffnen!  <\/h2>\n\n<p>Wir haben ihn mit Ungeduld erwartet und er hat gerade seine ersten Runden in Marly gedreht. Der neue Lexus NX wird Sie \u00fcberraschen, da sind wir uns sicher! Was ist an diesem neuen Lexus-Modell wichtig? Als erstes werden wir die Einf\u00fchrung eines neuen 309 PS Plug-in-Motors mit der besten EV-Reichweite auf dem Markt erw\u00e4hnen, mit fast 75 km Reichweite mit den wiederaufladbaren Batterien. Dann k\u00f6nnen wir nicht umhin, Ihnen das neue Multimediasystem mit dem herrlichen 14-Zoll-Bildschirm und der erweiterten Konnektivit\u00e4t mit der My Lexus App zu nennen. Die Fernprogrammierung der Heizung, das \u00d6ffnen und Schlie\u00dfen des Fahrzeugs und das Teilen einer Route sind nur einige der neuen Funktionen, die mit der My Lexus App verf\u00fcgbar sind!  <br\/><br\/>Ab sofort f\u00fcr eine Probefahrt bei Lexus Freiburg verf\u00fcgbar. Buchen Sie Ihre Probefahrt sofort unter 026 439 90 00. <\/p>\n\n<figure class=\"wp-block-image size-large\"><img loading=\"lazy\" decoding=\"async\" width=\"1024\" height=\"768\" src=\"https:\/\/www.garage-berset.ch\/wp-content\/uploads\/2022\/01\/ng22-nx-450h-eu-09-tif_efg-web-1024x768.png\" alt=\"\" class=\"wp-image-3724\" srcset=\"https:\/\/www.garage-berset.ch\/wp-content\/uploads\/2022\/01\/ng22-nx-450h-eu-09-tif_efg-web-1024x768.png 1024w, https:\/\/www.garage-berset.ch\/wp-content\/uploads\/2022\/01\/ng22-nx-450h-eu-09-tif_efg-web-300x225.png 300w, https:\/\/www.garage-berset.ch\/wp-content\/uploads\/2022\/01\/ng22-nx-450h-eu-09-tif_efg-web-768x576.png 768w, https:\/\/www.garage-berset.ch\/wp-content\/uploads\/2022\/01\/ng22-nx-450h-eu-09-tif_efg-web-1536x1152.png 1536w, https:\/\/www.garage-berset.ch\/wp-content\/uploads\/2022\/01\/ng22-nx-450h-eu-09-tif_efg-web-367x275.png 367w, https:\/\/www.garage-berset.ch\/wp-content\/uploads\/2022\/01\/ng22-nx-450h-eu-09-tif_efg-web-800x600.png 800w, https:\/\/www.garage-berset.ch\/wp-content\/uploads\/2022\/01\/ng22-nx-450h-eu-09-tif_efg-web.png 2000w\" sizes=\"auto, (max-width: 1024px) 100vw, 1024px\" \/><\/figure>\n\n<h2 class=\"wp-block-heading\">Motorisierungen<\/h2>\n\n<p>Mit 15% mehr Beschleunigung und 20% weniger Emissionen ist der neue NX mit einem neuen 2,5-Liter-Hybridmotor mit fast 240 PS oder einem 2,5-Liter-Plug-in-Hybridmotor mit 309 PS erh\u00e4ltlich. Beide Motoren zeichnen sich durch ihre Effizienz, Laufruhe und kraftvolle Beschleunigung aus.  Um diese Leistungssteigerung zu verdeutlichen, tr\u00e4gt die Hybridversion den neuen Namen NX 350h, w\u00e4hrend die Plug-in-Variante den Namen NX 450h+ erhielt.<br\/><br\/>Beide Motorisierungen haben eine Anh\u00e4ngelast von 1500 kg und beide Varianten haben das gleiche betr\u00e4chtliche Kofferraumvolumen. Lexus hat auch seinen Einfallsreichtum bewiesen, indem er die Batterie des Plug-in-Hybrids so untergebracht hat, dass das Kofferraumvolumen nicht um einen einzigen Liter reduziert wurde.<\/p>\n\n<p><\/p>\n\n<figure class=\"wp-block-image size-large\"><img loading=\"lazy\" decoding=\"async\" width=\"1024\" height=\"768\" src=\"https:\/\/www.garage-berset.ch\/wp-content\/uploads\/2022\/01\/ng22-nx-450h-eu-07a-tif_efg-web-1024x768.png\" alt=\"\" class=\"wp-image-3726\" srcset=\"https:\/\/www.garage-berset.ch\/wp-content\/uploads\/2022\/01\/ng22-nx-450h-eu-07a-tif_efg-web-1024x768.png 1024w, https:\/\/www.garage-berset.ch\/wp-content\/uploads\/2022\/01\/ng22-nx-450h-eu-07a-tif_efg-web-300x225.png 300w, https:\/\/www.garage-berset.ch\/wp-content\/uploads\/2022\/01\/ng22-nx-450h-eu-07a-tif_efg-web-768x576.png 768w, https:\/\/www.garage-berset.ch\/wp-content\/uploads\/2022\/01\/ng22-nx-450h-eu-07a-tif_efg-web-1536x1152.png 1536w, https:\/\/www.garage-berset.ch\/wp-content\/uploads\/2022\/01\/ng22-nx-450h-eu-07a-tif_efg-web-367x275.png 367w, https:\/\/www.garage-berset.ch\/wp-content\/uploads\/2022\/01\/ng22-nx-450h-eu-07a-tif_efg-web-800x600.png 800w, https:\/\/www.garage-berset.ch\/wp-content\/uploads\/2022\/01\/ng22-nx-450h-eu-07a-tif_efg-web.png 2000w\" sizes=\"auto, (max-width: 1024px) 100vw, 1024px\" \/><\/figure>\n\n<h2 class=\"wp-block-heading\">Ausstattung<\/h2>\n\n<ul class=\"wp-block-list\"><li>Die Anruferversion Impression bietet bereits einen besseren Ausstattungsstandard als einige Konkurrenzprodukte. Er ist nur mit Frontantrieb erh\u00e4ltlich und hat einen attraktiven Einstiegspreis.<\/li><li>Jetzt ist auch eine Business-Version erh\u00e4ltlich, die viele praktische Ausstattungsmerkmale bietet, aber dennoch erschwinglich ist.<\/li><li>Der NX Comfort mit einem h\u00f6heren Ausstattungsniveau verzichtet auf einige Merkmale der Oberklasse, bietet aber viele M\u00f6glichkeiten zur Personalisierung.<\/li><li>Die Varianten F Sport und Excellence bieten eine komplette Ausstattung ohne Kompromisse.<\/li><\/ul>\n\n<figure class=\"wp-block-image size-large\"><img loading=\"lazy\" decoding=\"async\" width=\"1024\" height=\"683\" src=\"https:\/\/www.garage-berset.ch\/wp-content\/uploads\/2022\/01\/ng22-nx-450h-eu-20a-tif_efg-web-1024x683.png\" alt=\"\" class=\"wp-image-3728\" srcset=\"https:\/\/www.garage-berset.ch\/wp-content\/uploads\/2022\/01\/ng22-nx-450h-eu-20a-tif_efg-web-1024x683.png 1024w, https:\/\/www.garage-berset.ch\/wp-content\/uploads\/2022\/01\/ng22-nx-450h-eu-20a-tif_efg-web-300x200.png 300w, https:\/\/www.garage-berset.ch\/wp-content\/uploads\/2022\/01\/ng22-nx-450h-eu-20a-tif_efg-web-768x512.png 768w, https:\/\/www.garage-berset.ch\/wp-content\/uploads\/2022\/01\/ng22-nx-450h-eu-20a-tif_efg-web-1536x1025.png 1536w, https:\/\/www.garage-berset.ch\/wp-content\/uploads\/2022\/01\/ng22-nx-450h-eu-20a-tif_efg-web-412x275.png 412w, https:\/\/www.garage-berset.ch\/wp-content\/uploads\/2022\/01\/ng22-nx-450h-eu-20a-tif_efg-web-900x600.png 900w, https:\/\/www.garage-berset.ch\/wp-content\/uploads\/2022\/01\/ng22-nx-450h-eu-20a-tif_efg-web.png 2000w\" sizes=\"auto, (max-width: 1024px) 100vw, 1024px\" \/><\/figure>\n\n<h2 class=\"wp-block-heading\">Die Neuheiten und Technologien des NX<\/h2>\n\n<ul class=\"wp-block-list\"><li>Das neueste Multimediasystem wird eingef\u00fchrt, mit einem bis zu 14&#8243; gro\u00dfen Touchscreen, einem Online-Cloud-Navigationssystem, komplett \u00fcberarbeiteten Men\u00fcs, Over-the-Air-Updates und vielem mehr.<\/li><li>E-Latch ist die neue Art der elektronischen T\u00fcrentriegelung. So kann beispielsweise beim Parallelparken verhindert werden, dass eine T\u00fcr von innen ge\u00f6ffnet werden kann, wenn sich ein Fahrzeug von hinten n\u00e4hert.<\/li><li>Das <strong>\u201eRemote Parking\u201c<\/strong> ist eine Premiere in einem Lexus: Sie k\u00f6nnen das Fahrzeug man\u00f6vrieren und einparken, ohne sich im Fahrzeug zu befinden &#8211; ein gro\u00dfer Vorteil bei engen Parkl\u00fccken oder Garagen (Steuerung \u00fcber Smartphone im Laufe des Jahres 2022 \u00fcber ein System-Update verf\u00fcgbar).<\/li><li><strong>Lexus Safety Sense+<\/strong> Version 3 erkennt jetzt Tiere, Objekte und Radfahrer auch bei Nacht (vorher nur bei Tag) sowie drohende Kollisionen (z.B. Linksabbiegung mit entgegenkommenden Fahrzeugen).<\/li><li>Der neue NX bietet jetzt eine Ambientebeleuchtung. Einfarbig in den Versionen Impression, Business und Comfort, seine Variante mit 64 bezaubernden Farben ist optional in der Version Comfort und serienm\u00e4\u00dfig in den Versionen F Sport und Excellence erh\u00e4ltlich.<\/li><li>Lenkrad mit Touch Control Ein Lenkrad mit integrierten ber\u00fchrungsempfindlichen Tasten und visueller R\u00fcckmeldung an das Head-up-Display des Fahrers ist in der Version Comfort optional und in den Versionen F Sport und Excellence serienm\u00e4\u00dfig.<\/li><\/ul>\n\n<p><\/p>\n\n<figure class=\"wp-block-gallery columns-3 is-cropped wp-block-gallery-1 is-layout-flex wp-block-gallery-is-layout-flex\"><ul class=\"blocks-gallery-grid\"><li class=\"blocks-gallery-item\"><figure><img loading=\"lazy\" decoding=\"async\" width=\"1024\" height=\"683\" src=\"https:\/\/www.garage-berset.ch\/wp-content\/uploads\/2022\/01\/ng22-nx-detail-13-tif_efg-web-1024x683.png\" alt=\"\" data-id=\"3730\" data-full-url=\"https:\/\/www.garage-berset.ch\/wp-content\/uploads\/2022\/01\/ng22-nx-detail-13-tif_efg-web.png\" data-link=\"https:\/\/www.garage-berset.ch\/rav4-adventure-2\/ng22-nx-detail-13-tif_efg-web\/\" class=\"wp-image-3730\" srcset=\"https:\/\/www.garage-berset.ch\/wp-content\/uploads\/2022\/01\/ng22-nx-detail-13-tif_efg-web-1024x683.png 1024w, https:\/\/www.garage-berset.ch\/wp-content\/uploads\/2022\/01\/ng22-nx-detail-13-tif_efg-web-300x200.png 300w, https:\/\/www.garage-berset.ch\/wp-content\/uploads\/2022\/01\/ng22-nx-detail-13-tif_efg-web-768x512.png 768w, https:\/\/www.garage-berset.ch\/wp-content\/uploads\/2022\/01\/ng22-nx-detail-13-tif_efg-web-1536x1025.png 1536w, https:\/\/www.garage-berset.ch\/wp-content\/uploads\/2022\/01\/ng22-nx-detail-13-tif_efg-web-412x275.png 412w, https:\/\/www.garage-berset.ch\/wp-content\/uploads\/2022\/01\/ng22-nx-detail-13-tif_efg-web-900x600.png 900w, https:\/\/www.garage-berset.ch\/wp-content\/uploads\/2022\/01\/ng22-nx-detail-13-tif_efg-web.png 2000w\" sizes=\"auto, (max-width: 1024px) 100vw, 1024px\" \/><\/figure><\/li><li class=\"blocks-gallery-item\"><figure><img loading=\"lazy\" decoding=\"async\" width=\"1024\" height=\"683\" src=\"https:\/\/www.garage-berset.ch\/wp-content\/uploads\/2022\/01\/ng22-nx-detail-14-tif_efg-web-1024x683.png\" alt=\"\" data-id=\"3732\" data-full-url=\"https:\/\/www.garage-berset.ch\/wp-content\/uploads\/2022\/01\/ng22-nx-detail-14-tif_efg-web.png\" data-link=\"https:\/\/www.garage-berset.ch\/rav4-adventure-2\/ng22-nx-detail-14-tif_efg-web\/\" class=\"wp-image-3732\" srcset=\"https:\/\/www.garage-berset.ch\/wp-content\/uploads\/2022\/01\/ng22-nx-detail-14-tif_efg-web-1024x683.png 1024w, https:\/\/www.garage-berset.ch\/wp-content\/uploads\/2022\/01\/ng22-nx-detail-14-tif_efg-web-300x200.png 300w, https:\/\/www.garage-berset.ch\/wp-content\/uploads\/2022\/01\/ng22-nx-detail-14-tif_efg-web-768x512.png 768w, https:\/\/www.garage-berset.ch\/wp-content\/uploads\/2022\/01\/ng22-nx-detail-14-tif_efg-web-1536x1025.png 1536w, https:\/\/www.garage-berset.ch\/wp-content\/uploads\/2022\/01\/ng22-nx-detail-14-tif_efg-web-412x275.png 412w, https:\/\/www.garage-berset.ch\/wp-content\/uploads\/2022\/01\/ng22-nx-detail-14-tif_efg-web-900x600.png 900w, https:\/\/www.garage-berset.ch\/wp-content\/uploads\/2022\/01\/ng22-nx-detail-14-tif_efg-web.png 2000w\" sizes=\"auto, (max-width: 1024px) 100vw, 1024px\" \/><\/figure><\/li><li class=\"blocks-gallery-item\"><figure><img loading=\"lazy\" decoding=\"async\" width=\"1024\" height=\"509\" src=\"https:\/\/www.garage-berset.ch\/wp-content\/uploads\/2022\/01\/2022_lexus_nx-350h_luxury_interior_072-1500x746-1-1024x509.jpg\" alt=\"\" data-id=\"3734\" data-full-url=\"https:\/\/www.garage-berset.ch\/wp-content\/uploads\/2022\/01\/2022_lexus_nx-350h_luxury_interior_072-1500x746-1.jpg\" data-link=\"https:\/\/www.garage-berset.ch\/rav4-adventure-2\/2022_lexus_nx-350h_luxury_interior_072-1500x746-1\/\" class=\"wp-image-3734\" srcset=\"https:\/\/www.garage-berset.ch\/wp-content\/uploads\/2022\/01\/2022_lexus_nx-350h_luxury_interior_072-1500x746-1-1024x509.jpg 1024w, https:\/\/www.garage-berset.ch\/wp-content\/uploads\/2022\/01\/2022_lexus_nx-350h_luxury_interior_072-1500x746-1-300x149.jpg 300w, https:\/\/www.garage-berset.ch\/wp-content\/uploads\/2022\/01\/2022_lexus_nx-350h_luxury_interior_072-1500x746-1-768x382.jpg 768w, https:\/\/www.garage-berset.ch\/wp-content\/uploads\/2022\/01\/2022_lexus_nx-350h_luxury_interior_072-1500x746-1-490x244.jpg 490w, https:\/\/www.garage-berset.ch\/wp-content\/uploads\/2022\/01\/2022_lexus_nx-350h_luxury_interior_072-1500x746-1-1206x600.jpg 1206w, https:\/\/www.garage-berset.ch\/wp-content\/uploads\/2022\/01\/2022_lexus_nx-350h_luxury_interior_072-1500x746-1.jpg 1500w\" sizes=\"auto, (max-width: 1024px) 100vw, 1024px\" \/><\/figure><\/li><li class=\"blocks-gallery-item\"><figure><img loading=\"lazy\" decoding=\"async\" width=\"1024\" height=\"683\" src=\"https:\/\/www.garage-berset.ch\/wp-content\/uploads\/2022\/01\/2022_lexus_nx-350h_luxury_interior_074-1500x1000-1-1024x683.jpg\" alt=\"\" data-id=\"3736\" data-full-url=\"https:\/\/www.garage-berset.ch\/wp-content\/uploads\/2022\/01\/2022_lexus_nx-350h_luxury_interior_074-1500x1000-1.jpg\" data-link=\"https:\/\/www.garage-berset.ch\/rav4-adventure-2\/2022_lexus_nx-350h_luxury_interior_074-1500x1000-1\/\" class=\"wp-image-3736\" srcset=\"https:\/\/www.garage-berset.ch\/wp-content\/uploads\/2022\/01\/2022_lexus_nx-350h_luxury_interior_074-1500x1000-1-1024x683.jpg 1024w, https:\/\/www.garage-berset.ch\/wp-content\/uploads\/2022\/01\/2022_lexus_nx-350h_luxury_interior_074-1500x1000-1-300x200.jpg 300w, https:\/\/www.garage-berset.ch\/wp-content\/uploads\/2022\/01\/2022_lexus_nx-350h_luxury_interior_074-1500x1000-1-768x512.jpg 768w, https:\/\/www.garage-berset.ch\/wp-content\/uploads\/2022\/01\/2022_lexus_nx-350h_luxury_interior_074-1500x1000-1-413x275.jpg 413w, https:\/\/www.garage-berset.ch\/wp-content\/uploads\/2022\/01\/2022_lexus_nx-350h_luxury_interior_074-1500x1000-1-900x600.jpg 900w, https:\/\/www.garage-berset.ch\/wp-content\/uploads\/2022\/01\/2022_lexus_nx-350h_luxury_interior_074-1500x1000-1.jpg 1500w\" sizes=\"auto, (max-width: 1024px) 100vw, 1024px\" \/><\/figure><\/li><li class=\"blocks-gallery-item\"><figure><img loading=\"lazy\" decoding=\"async\" width=\"1024\" height=\"683\" src=\"https:\/\/www.garage-berset.ch\/wp-content\/uploads\/2022\/01\/2022_lexus_nx-350h_luxury_interior_083-1500x1000-1-1024x683.jpg\" alt=\"\" data-id=\"3738\" data-full-url=\"https:\/\/www.garage-berset.ch\/wp-content\/uploads\/2022\/01\/2022_lexus_nx-350h_luxury_interior_083-1500x1000-1.jpg\" data-link=\"https:\/\/www.garage-berset.ch\/rav4-adventure-2\/2022_lexus_nx-350h_luxury_interior_083-1500x1000-1\/\" class=\"wp-image-3738\" srcset=\"https:\/\/www.garage-berset.ch\/wp-content\/uploads\/2022\/01\/2022_lexus_nx-350h_luxury_interior_083-1500x1000-1-1024x683.jpg 1024w, https:\/\/www.garage-berset.ch\/wp-content\/uploads\/2022\/01\/2022_lexus_nx-350h_luxury_interior_083-1500x1000-1-300x200.jpg 300w, https:\/\/www.garage-berset.ch\/wp-content\/uploads\/2022\/01\/2022_lexus_nx-350h_luxury_interior_083-1500x1000-1-768x512.jpg 768w, https:\/\/www.garage-berset.ch\/wp-content\/uploads\/2022\/01\/2022_lexus_nx-350h_luxury_interior_083-1500x1000-1-413x275.jpg 413w, https:\/\/www.garage-berset.ch\/wp-content\/uploads\/2022\/01\/2022_lexus_nx-350h_luxury_interior_083-1500x1000-1-900x600.jpg 900w, https:\/\/www.garage-berset.ch\/wp-content\/uploads\/2022\/01\/2022_lexus_nx-350h_luxury_interior_083-1500x1000-1.jpg 1500w\" sizes=\"auto, (max-width: 1024px) 100vw, 1024px\" \/><\/figure><\/li><li class=\"blocks-gallery-item\"><figure><img loading=\"lazy\" decoding=\"async\" width=\"1024\" height=\"683\" src=\"https:\/\/www.garage-berset.ch\/wp-content\/uploads\/2022\/01\/2022_lexus_nx-350h_luxury_interior_076-1500x1000-1-1024x683.jpg\" alt=\"\" data-id=\"3740\" data-full-url=\"https:\/\/www.garage-berset.ch\/wp-content\/uploads\/2022\/01\/2022_lexus_nx-350h_luxury_interior_076-1500x1000-1.jpg\" data-link=\"https:\/\/www.garage-berset.ch\/rav4-adventure-2\/2022_lexus_nx-350h_luxury_interior_076-1500x1000-1\/\" class=\"wp-image-3740\" srcset=\"https:\/\/www.garage-berset.ch\/wp-content\/uploads\/2022\/01\/2022_lexus_nx-350h_luxury_interior_076-1500x1000-1-1024x683.jpg 1024w, https:\/\/www.garage-berset.ch\/wp-content\/uploads\/2022\/01\/2022_lexus_nx-350h_luxury_interior_076-1500x1000-1-300x200.jpg 300w, https:\/\/www.garage-berset.ch\/wp-content\/uploads\/2022\/01\/2022_lexus_nx-350h_luxury_interior_076-1500x1000-1-768x512.jpg 768w, https:\/\/www.garage-berset.ch\/wp-content\/uploads\/2022\/01\/2022_lexus_nx-350h_luxury_interior_076-1500x1000-1-413x275.jpg 413w, https:\/\/www.garage-berset.ch\/wp-content\/uploads\/2022\/01\/2022_lexus_nx-350h_luxury_interior_076-1500x1000-1-900x600.jpg 900w, https:\/\/www.garage-berset.ch\/wp-content\/uploads\/2022\/01\/2022_lexus_nx-350h_luxury_interior_076-1500x1000-1.jpg 1500w\" sizes=\"auto, (max-width: 1024px) 100vw, 1024px\" \/><\/figure><\/li><li class=\"blocks-gallery-item\"><figure><img loading=\"lazy\" decoding=\"async\" width=\"1024\" height=\"600\" src=\"https:\/\/www.garage-berset.ch\/wp-content\/uploads\/2022\/01\/2022_lexus_nx-350h_luxury_interior_082-1500x879-1-1024x600.jpg\" alt=\"\" data-id=\"3742\" data-full-url=\"https:\/\/www.garage-berset.ch\/wp-content\/uploads\/2022\/01\/2022_lexus_nx-350h_luxury_interior_082-1500x879-1.jpg\" data-link=\"https:\/\/www.garage-berset.ch\/rav4-adventure-2\/2022_lexus_nx-350h_luxury_interior_082-1500x879-1\/\" class=\"wp-image-3742\" srcset=\"https:\/\/www.garage-berset.ch\/wp-content\/uploads\/2022\/01\/2022_lexus_nx-350h_luxury_interior_082-1500x879-1-1024x600.jpg 1024w, https:\/\/www.garage-berset.ch\/wp-content\/uploads\/2022\/01\/2022_lexus_nx-350h_luxury_interior_082-1500x879-1-300x176.jpg 300w, https:\/\/www.garage-berset.ch\/wp-content\/uploads\/2022\/01\/2022_lexus_nx-350h_luxury_interior_082-1500x879-1-768x450.jpg 768w, https:\/\/www.garage-berset.ch\/wp-content\/uploads\/2022\/01\/2022_lexus_nx-350h_luxury_interior_082-1500x879-1-469x275.jpg 469w, https:\/\/www.garage-berset.ch\/wp-content\/uploads\/2022\/01\/2022_lexus_nx-350h_luxury_interior_082-1500x879-1.jpg 1500w\" sizes=\"auto, (max-width: 1024px) 100vw, 1024px\" \/><\/figure><\/li><li class=\"blocks-gallery-item\"><figure><img loading=\"lazy\" decoding=\"async\" width=\"1024\" height=\"683\" src=\"https:\/\/www.garage-berset.ch\/wp-content\/uploads\/2022\/01\/2022_lexus_nx-350h_luxury_interior_089-1500x1000-1-1024x683.jpg\" alt=\"\" data-id=\"3744\" data-full-url=\"https:\/\/www.garage-berset.ch\/wp-content\/uploads\/2022\/01\/2022_lexus_nx-350h_luxury_interior_089-1500x1000-1.jpg\" data-link=\"https:\/\/www.garage-berset.ch\/rav4-adventure-2\/2022_lexus_nx-350h_luxury_interior_089-1500x1000-1\/\" class=\"wp-image-3744\" srcset=\"https:\/\/www.garage-berset.ch\/wp-content\/uploads\/2022\/01\/2022_lexus_nx-350h_luxury_interior_089-1500x1000-1-1024x683.jpg 1024w, https:\/\/www.garage-berset.ch\/wp-content\/uploads\/2022\/01\/2022_lexus_nx-350h_luxury_interior_089-1500x1000-1-300x200.jpg 300w, https:\/\/www.garage-berset.ch\/wp-content\/uploads\/2022\/01\/2022_lexus_nx-350h_luxury_interior_089-1500x1000-1-768x512.jpg 768w, https:\/\/www.garage-berset.ch\/wp-content\/uploads\/2022\/01\/2022_lexus_nx-350h_luxury_interior_089-1500x1000-1-413x275.jpg 413w, https:\/\/www.garage-berset.ch\/wp-content\/uploads\/2022\/01\/2022_lexus_nx-350h_luxury_interior_089-1500x1000-1-900x600.jpg 900w, https:\/\/www.garage-berset.ch\/wp-content\/uploads\/2022\/01\/2022_lexus_nx-350h_luxury_interior_089-1500x1000-1.jpg 1500w\" sizes=\"auto, (max-width: 1024px) 100vw, 1024px\" \/><\/figure><\/li><\/ul><\/figure>\n\n<h2 class=\"wp-block-heading\">Verf\u00fcgbarkeit<\/h2>\n\n<p>Die ersten Lexus NX sind soeben in der Schweiz eingetroffen und wir freuen uns, Ihnen mitteilen zu k\u00f6nnen, dass die Lieferzeiten zwischen 4 und 7 Monaten betragen.  <br\/><br\/>Der Preis f\u00fcr den neuen Lexus NX beginnt bei CHF 49.900. Eine Liste der Preise und Optionen finden Sie auf <a href=\"https:\/\/tools.lexus.ch\/fileadmin\/media\/pdf\/prices\/nx_fr.pdf\" target=\"_blank\" rel=\"noreferrer noopener\">der Website von Lexus Schweiz, indem Sie diesem Link folgen<\/a>. Wir stehen Ihnen gerne zur Verf\u00fcgung, um Ihren neuen NX zu konfigurieren und Ihnen ein Angebot zu unterbreiten, das gegebenenfalls auch eine Berechnung der Leasingfinanzierung enth\u00e4lt. Z\u00f6gern Sie nicht, <a href=\"https:\/\/www.garage-berset.ch\/de\/kontakt-2\/\">uns zu kontaktieren<\/a>.<br\/><\/p>\n\n<h2 class=\"wp-block-heading\">10 Jahre kostenlose Dienstleistungen &amp; Premium-Garantie<\/h2>\n\n<p>Lexus bietet Ihnen kostenlose Serviceleistungen (au\u00dfer Fl\u00fcssigkeiten) f\u00fcr 10 Jahre oder 100.000 km und eine Vollgarantie f\u00fcr 10 Jahre oder 160.000 km. Einzigartige Leistungen auf dem Automobilmarkt.  <br\/><\/p>\n","protected":false},"excerpt":{"rendered":"<p>Wir haben ihn mit Ungeduld erwartet und er hat gerade seine ersten Runden in Marly gedreht. Der neue Lexus NX wird Sie \u00fcberraschen, da sind wir uns sicher!<\/p>\n","protected":false},"author":2,"featured_media":3747,"comment_status":"closed","ping_status":"open","sticky":false,"template":"","format":"standard","meta":{"_acf_changed":false,"footnotes":""},"categories":[1],"class_list":["post-6304","post","type-post","status-publish","format-standard","has-post-thumbnail","hentry","category-non-classifiee"],"acf":[],"yoast_head":"<!-- This site is optimized with the Yoast SEO plugin v27.5 - https:\/\/yoast.com\/product\/yoast-seo-wordpress\/ -->\n<title>Der neue Lexus NX ist da! - Garage Berset | Fribourg, Marly et la Tour-de-Tr\u00eame<\/title>\n<meta name=\"description\" content=\"Wir haben ihn mit Ungeduld erwartet und er hat gerade seine ersten Runden in Marly gedreht. Der neue Lexus NX wird Sie \u00fcberraschen.\" \/>\n<meta name=\"robots\" content=\"index, follow, max-snippet:-1, max-image-preview:large, max-video-preview:-1\" \/>\n<link rel=\"canonical\" href=\"https:\/\/www.garage-berset.ch\/de\/der-neue-lexus-nx-ist-da\/\" \/>\n<meta property=\"og:locale\" content=\"de_DE\" \/>\n<meta property=\"og:type\" content=\"article\" \/>\n<meta property=\"og:title\" content=\"Der neue Lexus NX ist da! - Garage Berset | Fribourg, Marly et la Tour-de-Tr\u00eame\" \/>\n<meta property=\"og:description\" content=\"Wir haben ihn mit Ungeduld erwartet und er hat gerade seine ersten Runden in Marly gedreht. Der neue Lexus NX wird Sie \u00fcberraschen.\" \/>\n<meta property=\"og:url\" content=\"https:\/\/www.garage-berset.ch\/de\/der-neue-lexus-nx-ist-da\/\" \/>\n<meta property=\"og:site_name\" content=\"Garage Berset | Fribourg, Marly et la Tour-de-Tr\u00eame\" \/>\n<meta property=\"article:published_time\" content=\"2022-01-27T09:13:02+00:00\" \/>\n<meta property=\"article:modified_time\" content=\"2025-06-19T09:28:34+00:00\" \/>\n<meta property=\"og:image\" content=\"https:\/\/www.garage-berset.ch\/wp-content\/uploads\/2022\/01\/miniature-square-pour-site-garage.png\" \/>\n\t<meta property=\"og:image:width\" content=\"1080\" \/>\n\t<meta property=\"og:image:height\" content=\"1080\" \/>\n\t<meta property=\"og:image:type\" content=\"image\/png\" \/>\n<meta name=\"author\" content=\"Team Berset\" \/>\n<meta name=\"twitter:card\" content=\"summary_large_image\" \/>\n<meta name=\"twitter:label1\" content=\"Verfasst von\" \/>\n\t<meta name=\"twitter:data1\" content=\"Team Berset\" \/>\n\t<meta name=\"twitter:label2\" content=\"Gesch\u00e4tzte Lesezeit\" \/>\n\t<meta name=\"twitter:data2\" content=\"3\u00a0Minuten\" \/>\n<script type=\"application\/ld+json\" class=\"yoast-schema-graph\">{\"@context\":\"https:\\\/\\\/schema.org\",\"@graph\":[{\"@type\":\"Article\",\"@id\":\"https:\\\/\\\/www.garage-berset.ch\\\/de\\\/der-neue-lexus-nx-ist-da\\\/#article\",\"isPartOf\":{\"@id\":\"https:\\\/\\\/www.garage-berset.ch\\\/de\\\/der-neue-lexus-nx-ist-da\\\/\"},\"author\":{\"name\":\"Team Berset\",\"@id\":\"https:\\\/\\\/www.garage-berset.ch\\\/#\\\/schema\\\/person\\\/42f2350ea6602fd8d3094d9fb85faf5c\"},\"headline\":\"Der neue Lexus NX ist da!\",\"datePublished\":\"2022-01-27T09:13:02+00:00\",\"dateModified\":\"2025-06-19T09:28:34+00:00\",\"mainEntityOfPage\":{\"@id\":\"https:\\\/\\\/www.garage-berset.ch\\\/de\\\/der-neue-lexus-nx-ist-da\\\/\"},\"wordCount\":659,\"image\":{\"@id\":\"https:\\\/\\\/www.garage-berset.ch\\\/de\\\/der-neue-lexus-nx-ist-da\\\/#primaryimage\"},\"thumbnailUrl\":\"https:\\\/\\\/www.garage-berset.ch\\\/wp-content\\\/uploads\\\/2022\\\/01\\\/miniature-square-pour-site-garage.png\",\"articleSection\":[\"Non classifi\u00e9(e)\"],\"inLanguage\":\"de\"},{\"@type\":\"WebPage\",\"@id\":\"https:\\\/\\\/www.garage-berset.ch\\\/de\\\/der-neue-lexus-nx-ist-da\\\/\",\"url\":\"https:\\\/\\\/www.garage-berset.ch\\\/de\\\/der-neue-lexus-nx-ist-da\\\/\",\"name\":\"Der neue Lexus NX ist da! - Garage Berset | Fribourg, Marly et la Tour-de-Tr\u00eame\",\"isPartOf\":{\"@id\":\"https:\\\/\\\/www.garage-berset.ch\\\/#website\"},\"primaryImageOfPage\":{\"@id\":\"https:\\\/\\\/www.garage-berset.ch\\\/de\\\/der-neue-lexus-nx-ist-da\\\/#primaryimage\"},\"image\":{\"@id\":\"https:\\\/\\\/www.garage-berset.ch\\\/de\\\/der-neue-lexus-nx-ist-da\\\/#primaryimage\"},\"thumbnailUrl\":\"https:\\\/\\\/www.garage-berset.ch\\\/wp-content\\\/uploads\\\/2022\\\/01\\\/miniature-square-pour-site-garage.png\",\"datePublished\":\"2022-01-27T09:13:02+00:00\",\"dateModified\":\"2025-06-19T09:28:34+00:00\",\"author\":{\"@id\":\"https:\\\/\\\/www.garage-berset.ch\\\/#\\\/schema\\\/person\\\/42f2350ea6602fd8d3094d9fb85faf5c\"},\"description\":\"Wir haben ihn mit Ungeduld erwartet und er hat gerade seine ersten Runden in Marly gedreht. Der neue Lexus NX wird Sie \u00fcberraschen.\",\"breadcrumb\":{\"@id\":\"https:\\\/\\\/www.garage-berset.ch\\\/de\\\/der-neue-lexus-nx-ist-da\\\/#breadcrumb\"},\"inLanguage\":\"de\",\"potentialAction\":[{\"@type\":\"ReadAction\",\"target\":[\"https:\\\/\\\/www.garage-berset.ch\\\/de\\\/der-neue-lexus-nx-ist-da\\\/\"]}]},{\"@type\":\"ImageObject\",\"inLanguage\":\"de\",\"@id\":\"https:\\\/\\\/www.garage-berset.ch\\\/de\\\/der-neue-lexus-nx-ist-da\\\/#primaryimage\",\"url\":\"https:\\\/\\\/www.garage-berset.ch\\\/wp-content\\\/uploads\\\/2022\\\/01\\\/miniature-square-pour-site-garage.png\",\"contentUrl\":\"https:\\\/\\\/www.garage-berset.ch\\\/wp-content\\\/uploads\\\/2022\\\/01\\\/miniature-square-pour-site-garage.png\",\"width\":1080,\"height\":1080},{\"@type\":\"BreadcrumbList\",\"@id\":\"https:\\\/\\\/www.garage-berset.ch\\\/de\\\/der-neue-lexus-nx-ist-da\\\/#breadcrumb\",\"itemListElement\":[{\"@type\":\"ListItem\",\"position\":1,\"name\":\"Accueil\",\"item\":\"https:\\\/\\\/www.garage-berset.ch\\\/de\\\/garage-berset-3\\\/\"},{\"@type\":\"ListItem\",\"position\":2,\"name\":\"Der neue Lexus NX ist da!\"}]},{\"@type\":\"WebSite\",\"@id\":\"https:\\\/\\\/www.garage-berset.ch\\\/#website\",\"url\":\"https:\\\/\\\/www.garage-berset.ch\\\/\",\"name\":\"Garage Berset | Fribourg, Marly et la Tour-de-Tr\u00eame\",\"description\":\"Depuis 1951, le Garage Berset \u00e0 Fribourg (Marly) et \u00e0 Bulle (Tour-de-Tr\u00eame) est le leader des marques Lexus, Toyota et Maserati dans le canton de Fribourg.\",\"potentialAction\":[{\"@type\":\"SearchAction\",\"target\":{\"@type\":\"EntryPoint\",\"urlTemplate\":\"https:\\\/\\\/www.garage-berset.ch\\\/?s={search_term_string}\"},\"query-input\":{\"@type\":\"PropertyValueSpecification\",\"valueRequired\":true,\"valueName\":\"search_term_string\"}}],\"inLanguage\":\"de\"},{\"@type\":\"Person\",\"@id\":\"https:\\\/\\\/www.garage-berset.ch\\\/#\\\/schema\\\/person\\\/42f2350ea6602fd8d3094d9fb85faf5c\",\"name\":\"Team Berset\",\"image\":{\"@type\":\"ImageObject\",\"inLanguage\":\"de\",\"@id\":\"https:\\\/\\\/secure.gravatar.com\\\/avatar\\\/ff2b4a02adeac10bc64834e8f305626a96fd980b96f87c3292dddfc259cc8ee7?s=96&d=mm&r=g\",\"url\":\"https:\\\/\\\/secure.gravatar.com\\\/avatar\\\/ff2b4a02adeac10bc64834e8f305626a96fd980b96f87c3292dddfc259cc8ee7?s=96&d=mm&r=g\",\"contentUrl\":\"https:\\\/\\\/secure.gravatar.com\\\/avatar\\\/ff2b4a02adeac10bc64834e8f305626a96fd980b96f87c3292dddfc259cc8ee7?s=96&d=mm&r=g\",\"caption\":\"Team Berset\"}}]}<\/script>\n<!-- \/ Yoast SEO plugin. -->","yoast_head_json":{"title":"Der neue Lexus NX ist da! - Garage Berset | Fribourg, Marly et la Tour-de-Tr\u00eame","description":"Wir haben ihn mit Ungeduld erwartet und er hat gerade seine ersten Runden in Marly gedreht. Der neue Lexus NX wird Sie \u00fcberraschen.","robots":{"index":"index","follow":"follow","max-snippet":"max-snippet:-1","max-image-preview":"max-image-preview:large","max-video-preview":"max-video-preview:-1"},"canonical":"https:\/\/www.garage-berset.ch\/de\/der-neue-lexus-nx-ist-da\/","og_locale":"de_DE","og_type":"article","og_title":"Der neue Lexus NX ist da! - Garage Berset | Fribourg, Marly et la Tour-de-Tr\u00eame","og_description":"Wir haben ihn mit Ungeduld erwartet und er hat gerade seine ersten Runden in Marly gedreht. Der neue Lexus NX wird Sie \u00fcberraschen.","og_url":"https:\/\/www.garage-berset.ch\/de\/der-neue-lexus-nx-ist-da\/","og_site_name":"Garage Berset | Fribourg, Marly et la Tour-de-Tr\u00eame","article_published_time":"2022-01-27T09:13:02+00:00","article_modified_time":"2025-06-19T09:28:34+00:00","og_image":[{"width":1080,"height":1080,"url":"https:\/\/www.garage-berset.ch\/wp-content\/uploads\/2022\/01\/miniature-square-pour-site-garage.png","type":"image\/png"}],"author":"Team Berset","twitter_card":"summary_large_image","twitter_misc":{"Verfasst von":"Team Berset","Gesch\u00e4tzte Lesezeit":"3\u00a0Minuten"},"schema":{"@context":"https:\/\/schema.org","@graph":[{"@type":"Article","@id":"https:\/\/www.garage-berset.ch\/de\/der-neue-lexus-nx-ist-da\/#article","isPartOf":{"@id":"https:\/\/www.garage-berset.ch\/de\/der-neue-lexus-nx-ist-da\/"},"author":{"name":"Team Berset","@id":"https:\/\/www.garage-berset.ch\/#\/schema\/person\/42f2350ea6602fd8d3094d9fb85faf5c"},"headline":"Der neue Lexus NX ist da!","datePublished":"2022-01-27T09:13:02+00:00","dateModified":"2025-06-19T09:28:34+00:00","mainEntityOfPage":{"@id":"https:\/\/www.garage-berset.ch\/de\/der-neue-lexus-nx-ist-da\/"},"wordCount":659,"image":{"@id":"https:\/\/www.garage-berset.ch\/de\/der-neue-lexus-nx-ist-da\/#primaryimage"},"thumbnailUrl":"https:\/\/www.garage-berset.ch\/wp-content\/uploads\/2022\/01\/miniature-square-pour-site-garage.png","articleSection":["Non classifi\u00e9(e)"],"inLanguage":"de"},{"@type":"WebPage","@id":"https:\/\/www.garage-berset.ch\/de\/der-neue-lexus-nx-ist-da\/","url":"https:\/\/www.garage-berset.ch\/de\/der-neue-lexus-nx-ist-da\/","name":"Der neue Lexus NX ist da! - Garage Berset | Fribourg, Marly et la Tour-de-Tr\u00eame","isPartOf":{"@id":"https:\/\/www.garage-berset.ch\/#website"},"primaryImageOfPage":{"@id":"https:\/\/www.garage-berset.ch\/de\/der-neue-lexus-nx-ist-da\/#primaryimage"},"image":{"@id":"https:\/\/www.garage-berset.ch\/de\/der-neue-lexus-nx-ist-da\/#primaryimage"},"thumbnailUrl":"https:\/\/www.garage-berset.ch\/wp-content\/uploads\/2022\/01\/miniature-square-pour-site-garage.png","datePublished":"2022-01-27T09:13:02+00:00","dateModified":"2025-06-19T09:28:34+00:00","author":{"@id":"https:\/\/www.garage-berset.ch\/#\/schema\/person\/42f2350ea6602fd8d3094d9fb85faf5c"},"description":"Wir haben ihn mit Ungeduld erwartet und er hat gerade seine ersten Runden in Marly gedreht. Der neue Lexus NX wird Sie \u00fcberraschen.","breadcrumb":{"@id":"https:\/\/www.garage-berset.ch\/de\/der-neue-lexus-nx-ist-da\/#breadcrumb"},"inLanguage":"de","potentialAction":[{"@type":"ReadAction","target":["https:\/\/www.garage-berset.ch\/de\/der-neue-lexus-nx-ist-da\/"]}]},{"@type":"ImageObject","inLanguage":"de","@id":"https:\/\/www.garage-berset.ch\/de\/der-neue-lexus-nx-ist-da\/#primaryimage","url":"https:\/\/www.garage-berset.ch\/wp-content\/uploads\/2022\/01\/miniature-square-pour-site-garage.png","contentUrl":"https:\/\/www.garage-berset.ch\/wp-content\/uploads\/2022\/01\/miniature-square-pour-site-garage.png","width":1080,"height":1080},{"@type":"BreadcrumbList","@id":"https:\/\/www.garage-berset.ch\/de\/der-neue-lexus-nx-ist-da\/#breadcrumb","itemListElement":[{"@type":"ListItem","position":1,"name":"Accueil","item":"https:\/\/www.garage-berset.ch\/de\/garage-berset-3\/"},{"@type":"ListItem","position":2,"name":"Der neue Lexus NX ist da!"}]},{"@type":"WebSite","@id":"https:\/\/www.garage-berset.ch\/#website","url":"https:\/\/www.garage-berset.ch\/","name":"Garage Berset | Fribourg, Marly et la Tour-de-Tr\u00eame","description":"Depuis 1951, le Garage Berset \u00e0 Fribourg (Marly) et \u00e0 Bulle (Tour-de-Tr\u00eame) est le leader des marques Lexus, Toyota et Maserati dans le canton de Fribourg.","potentialAction":[{"@type":"SearchAction","target":{"@type":"EntryPoint","urlTemplate":"https:\/\/www.garage-berset.ch\/?s={search_term_string}"},"query-input":{"@type":"PropertyValueSpecification","valueRequired":true,"valueName":"search_term_string"}}],"inLanguage":"de"},{"@type":"Person","@id":"https:\/\/www.garage-berset.ch\/#\/schema\/person\/42f2350ea6602fd8d3094d9fb85faf5c","name":"Team Berset","image":{"@type":"ImageObject","inLanguage":"de","@id":"https:\/\/secure.gravatar.com\/avatar\/ff2b4a02adeac10bc64834e8f305626a96fd980b96f87c3292dddfc259cc8ee7?s=96&d=mm&r=g","url":"https:\/\/secure.gravatar.com\/avatar\/ff2b4a02adeac10bc64834e8f305626a96fd980b96f87c3292dddfc259cc8ee7?s=96&d=mm&r=g","contentUrl":"https:\/\/secure.gravatar.com\/avatar\/ff2b4a02adeac10bc64834e8f305626a96fd980b96f87c3292dddfc259cc8ee7?s=96&d=mm&r=g","caption":"Team Berset"}}]}},"_links":{"self":[{"href":"https:\/\/www.garage-berset.ch\/de\/wp-json\/wp\/v2\/posts\/6304","targetHints":{"allow":["GET"]}}],"collection":[{"href":"https:\/\/www.garage-berset.ch\/de\/wp-json\/wp\/v2\/posts"}],"about":[{"href":"https:\/\/www.garage-berset.ch\/de\/wp-json\/wp\/v2\/types\/post"}],"author":[{"embeddable":true,"href":"https:\/\/www.garage-berset.ch\/de\/wp-json\/wp\/v2\/users\/2"}],"replies":[{"embeddable":true,"href":"https:\/\/www.garage-berset.ch\/de\/wp-json\/wp\/v2\/comments?post=6304"}],"version-history":[{"count":2,"href":"https:\/\/www.garage-berset.ch\/de\/wp-json\/wp\/v2\/posts\/6304\/revisions"}],"predecessor-version":[{"id":8488,"href":"https:\/\/www.garage-berset.ch\/de\/wp-json\/wp\/v2\/posts\/6304\/revisions\/8488"}],"wp:featuredmedia":[{"embeddable":true,"href":"https:\/\/www.garage-berset.ch\/de\/wp-json\/wp\/v2\/media\/3747"}],"wp:attachment":[{"href":"https:\/\/www.garage-berset.ch\/de\/wp-json\/wp\/v2\/media?parent=6304"}],"wp:term":[{"taxonomy":"category","embeddable":true,"href":"https:\/\/www.garage-berset.ch\/de\/wp-json\/wp\/v2\/categories?post=6304"}],"curies":[{"name":"wp","href":"https:\/\/api.w.org\/{rel}","templated":true}]}}